{"id":2042,"date":"2024-06-21T11:51:27","date_gmt":"2024-06-21T09:51:27","guid":{"rendered":"https:\/\/www.lamarderuido.com\/?p=2042"},"modified":"2024-06-21T11:51:27","modified_gmt":"2024-06-21T09:51:27","slug":"chris-barron-leader-of-spin-doctors-will-be-in-aviles-to-celebrate-the-20th-anniversary-of-la-mar-de-ruido","status":"publish","type":"post","link":"https:\/\/www.lamarderuido.com\/en\/chris-barron-lider-de-spin-doctors-estara-en-aviles-para-celebrar-el-20o-aniversario-de-la-mar-de-ruido\/","title":{"rendered":"Chris Barron, leader of Spin Doctors, will be in Avil\u00e9s to celebrate the 20th Anniversary of La Mar de Ruido"},"content":{"rendered":"<p>Next August 21, three days after the end of the LA MAR DE RUIDO Festival, the leader of Spin Doctors, Chris Barron will offer a concert in Santa Cecilia, Avil\u00e9s, as the culmination of the 20th Anniversary of the Festival. Tickets are now available at www.mutick.com<\/p>\n<figure id=\"attachment_2043\" aria-describedby=\"caption-attachment-2043\" style=\"width: 212px\" class=\"wp-caption alignnone\"><img fetchpriority=\"high\" decoding=\"async\" class=\"size-medium wp-image-2043\" title=\"Chris Barron in Aviles\" src=\"https:\/\/www.lamarderuido.com\/wp-content\/uploads\/2024\/06\/A3ChrisBarron-01-212x300.jpg\" alt=\"Chris Barron in Aviles\" width=\"212\" height=\"300\" srcset=\"https:\/\/www.lamarderuido.com\/wp-content\/uploads\/2024\/06\/A3ChrisBarron-01-212x300.jpg 212w, https:\/\/www.lamarderuido.com\/wp-content\/uploads\/2024\/06\/A3ChrisBarron-01-724x1024.jpg 724w, https:\/\/www.lamarderuido.com\/wp-content\/uploads\/2024\/06\/A3ChrisBarron-01-768x1086.jpg 768w, https:\/\/www.lamarderuido.com\/wp-content\/uploads\/2024\/06\/A3ChrisBarron-01-1086x1536.jpg 1086w, https:\/\/www.lamarderuido.com\/wp-content\/uploads\/2024\/06\/A3ChrisBarron-01-1448x2048.jpg 1448w, https:\/\/www.lamarderuido.com\/wp-content\/uploads\/2024\/06\/A3ChrisBarron-01-8x12.jpg 8w, https:\/\/www.lamarderuido.com\/wp-content\/uploads\/2024\/06\/A3ChrisBarron-01-scaled.jpg 1810w\" sizes=\"(max-width: 212px) 100vw, 212px\" \/><figcaption id=\"caption-attachment-2043\" class=\"wp-caption-text\">Chris Barron in Aviles<\/figcaption><\/figure>\n<p>&nbsp;<\/p>\n<p>&nbsp;<\/p>","protected":false},"excerpt":{"rendered":"<p>Next August 21, three days after the end of the LA MAR DE RUIDO Festival, the leader of Spin Doctors, Chris Barron will offer a concert in Santa Cecilia, Avil\u00e9s, as the culmination of the 20th Anniversary of the Festival. Tickets are now available at www.mutick.com &nbsp; &nbsp;<\/p>","protected":false},"author":2,"featured_media":2043,"comment_status":"closed","ping_status":"closed","sticky":false,"template":"","format":"standard","meta":{"_acf_changed":false,"footnotes":""},"categories":[39],"tags":[],"class_list":["post-2042","post","type-post","status-publish","format-standard","has-post-thumbnail","hentry","category-noticias"],"acf":[],"yoast_head":"<!-- This site is optimized with the Yoast SEO plugin v27.4 - https:\/\/yoast.com\/product\/yoast-seo-wordpress\/ -->\n<title>Chris Barron, lider de Spin Doctors estar\u00e1 en Avil\u00e9s para celebrar el 20\u00ba Aniversario de La Mar de Ruido - Festival La Mar de Ruido<\/title>\n<meta name=\"description\" content=\"El pr\u00f3ximo 21 de agosto, tres dias despu\u00e9s de finalizar el Festival LA MAR DE RUIDO, el l\u00edder de Spin Doctors, Chris Barron ofrecer\u00e1 una concierto en\" \/>\n<meta name=\"robots\" content=\"index, follow, max-snippet:-1, max-image-preview:large, max-video-preview:-1\" \/>\n<link rel=\"canonical\" href=\"https:\/\/www.lamarderuido.com\/en\/chris-barron-leader-of-spin-doctors-will-be-in-aviles-to-celebrate-the-20th-anniversary-of-la-mar-de-ruido\/\" \/>\n<meta property=\"og:locale\" content=\"en_US\" \/>\n<meta property=\"og:type\" content=\"article\" \/>\n<meta property=\"og:title\" content=\"Chris Barron, lider de Spin Doctors estar\u00e1 en Avil\u00e9s para celebrar el 20\u00ba Aniversario de La Mar de Ruido - Festival La Mar de Ruido\" \/>\n<meta property=\"og:description\" content=\"El pr\u00f3ximo 21 de agosto, tres dias despu\u00e9s de finalizar el Festival LA MAR DE RUIDO, el l\u00edder de Spin Doctors, Chris Barron ofrecer\u00e1 una concierto en\" \/>\n<meta property=\"og:url\" content=\"https:\/\/www.lamarderuido.com\/en\/chris-barron-leader-of-spin-doctors-will-be-in-aviles-to-celebrate-the-20th-anniversary-of-la-mar-de-ruido\/\" \/>\n<meta property=\"og:site_name\" content=\"Festival La Mar de Ruido\" \/>\n<meta property=\"article:published_time\" content=\"2024-06-21T09:51:27+00:00\" \/>\n<meta property=\"og:image\" content=\"https:\/\/www.lamarderuido.com\/wp-content\/uploads\/2024\/06\/A3ChrisBarron-01-scaled.jpg\" \/>\n\t<meta property=\"og:image:width\" content=\"1810\" \/>\n\t<meta property=\"og:image:height\" content=\"2560\" \/>\n\t<meta property=\"og:image:type\" content=\"image\/jpeg\" \/>\n<meta name=\"author\" content=\"Beznar\" \/>\n<meta name=\"twitter:card\" content=\"summary_large_image\" \/>\n<script type=\"application\/ld+json\" class=\"yoast-schema-graph\">{\"@context\":\"https:\\\/\\\/schema.org\",\"@graph\":[{\"@type\":\"Article\",\"@id\":\"https:\\\/\\\/www.lamarderuido.com\\\/chris-barron-lider-de-spin-doctors-estara-en-aviles-para-celebrar-el-20o-aniversario-de-la-mar-de-ruido\\\/#article\",\"isPartOf\":{\"@id\":\"https:\\\/\\\/www.lamarderuido.com\\\/chris-barron-lider-de-spin-doctors-estara-en-aviles-para-celebrar-el-20o-aniversario-de-la-mar-de-ruido\\\/\"},\"author\":{\"name\":\"Beznar\",\"@id\":\"https:\\\/\\\/www.lamarderuido.com\\\/#\\\/schema\\\/person\\\/79c1b9efada89c944bbeed4ddd67c773\"},\"headline\":\"Chris Barron, lider de Spin Doctors estar\u00e1 en Avil\u00e9s para celebrar el 20\u00ba Aniversario de La Mar de Ruido\",\"datePublished\":\"2024-06-21T09:51:27+00:00\",\"mainEntityOfPage\":{\"@id\":\"https:\\\/\\\/www.lamarderuido.com\\\/chris-barron-lider-de-spin-doctors-estara-en-aviles-para-celebrar-el-20o-aniversario-de-la-mar-de-ruido\\\/\"},\"wordCount\":83,\"publisher\":{\"@id\":\"https:\\\/\\\/www.lamarderuido.com\\\/#organization\"},\"image\":{\"@id\":\"https:\\\/\\\/www.lamarderuido.com\\\/chris-barron-lider-de-spin-doctors-estara-en-aviles-para-celebrar-el-20o-aniversario-de-la-mar-de-ruido\\\/#primaryimage\"},\"thumbnailUrl\":\"https:\\\/\\\/www.lamarderuido.com\\\/wp-content\\\/uploads\\\/2024\\\/06\\\/A3ChrisBarron-01-scaled.jpg\",\"articleSection\":[\"Noticias\"],\"inLanguage\":\"en-US\"},{\"@type\":\"WebPage\",\"@id\":\"https:\\\/\\\/www.lamarderuido.com\\\/chris-barron-lider-de-spin-doctors-estara-en-aviles-para-celebrar-el-20o-aniversario-de-la-mar-de-ruido\\\/\",\"url\":\"https:\\\/\\\/www.lamarderuido.com\\\/chris-barron-lider-de-spin-doctors-estara-en-aviles-para-celebrar-el-20o-aniversario-de-la-mar-de-ruido\\\/\",\"name\":\"Chris Barron, lider de Spin Doctors estar\u00e1 en Avil\u00e9s para celebrar el 20\u00ba Aniversario de La Mar de Ruido - Festival La Mar de Ruido\",\"isPartOf\":{\"@id\":\"https:\\\/\\\/www.lamarderuido.com\\\/#website\"},\"primaryImageOfPage\":{\"@id\":\"https:\\\/\\\/www.lamarderuido.com\\\/chris-barron-lider-de-spin-doctors-estara-en-aviles-para-celebrar-el-20o-aniversario-de-la-mar-de-ruido\\\/#primaryimage\"},\"image\":{\"@id\":\"https:\\\/\\\/www.lamarderuido.com\\\/chris-barron-lider-de-spin-doctors-estara-en-aviles-para-celebrar-el-20o-aniversario-de-la-mar-de-ruido\\\/#primaryimage\"},\"thumbnailUrl\":\"https:\\\/\\\/www.lamarderuido.com\\\/wp-content\\\/uploads\\\/2024\\\/06\\\/A3ChrisBarron-01-scaled.jpg\",\"datePublished\":\"2024-06-21T09:51:27+00:00\",\"description\":\"El pr\u00f3ximo 21 de agosto, tres dias despu\u00e9s de finalizar el Festival LA MAR DE RUIDO, el l\u00edder de Spin Doctors, Chris Barron ofrecer\u00e1 una concierto en\",\"breadcrumb\":{\"@id\":\"https:\\\/\\\/www.lamarderuido.com\\\/chris-barron-lider-de-spin-doctors-estara-en-aviles-para-celebrar-el-20o-aniversario-de-la-mar-de-ruido\\\/#breadcrumb\"},\"inLanguage\":\"en-US\",\"potentialAction\":[{\"@type\":\"ReadAction\",\"target\":[\"https:\\\/\\\/www.lamarderuido.com\\\/chris-barron-lider-de-spin-doctors-estara-en-aviles-para-celebrar-el-20o-aniversario-de-la-mar-de-ruido\\\/\"]}]},{\"@type\":\"ImageObject\",\"inLanguage\":\"en-US\",\"@id\":\"https:\\\/\\\/www.lamarderuido.com\\\/chris-barron-lider-de-spin-doctors-estara-en-aviles-para-celebrar-el-20o-aniversario-de-la-mar-de-ruido\\\/#primaryimage\",\"url\":\"https:\\\/\\\/www.lamarderuido.com\\\/wp-content\\\/uploads\\\/2024\\\/06\\\/A3ChrisBarron-01-scaled.jpg\",\"contentUrl\":\"https:\\\/\\\/www.lamarderuido.com\\\/wp-content\\\/uploads\\\/2024\\\/06\\\/A3ChrisBarron-01-scaled.jpg\",\"width\":1810,\"height\":2560,\"caption\":\"Chris Barron en Avil\u00e9s\"},{\"@type\":\"BreadcrumbList\",\"@id\":\"https:\\\/\\\/www.lamarderuido.com\\\/chris-barron-lider-de-spin-doctors-estara-en-aviles-para-celebrar-el-20o-aniversario-de-la-mar-de-ruido\\\/#breadcrumb\",\"itemListElement\":[{\"@type\":\"ListItem\",\"position\":1,\"name\":\"Inicio\",\"item\":\"https:\\\/\\\/www.lamarderuido.com\\\/\"},{\"@type\":\"ListItem\",\"position\":2,\"name\":\"Chris Barron, lider de Spin Doctors estar\u00e1 en Avil\u00e9s para celebrar el 20\u00ba Aniversario de La Mar de Ruido\"}]},{\"@type\":\"WebSite\",\"@id\":\"https:\\\/\\\/www.lamarderuido.com\\\/#website\",\"url\":\"https:\\\/\\\/www.lamarderuido.com\\\/\",\"name\":\"Festival La Mar de Ruido\",\"description\":\"La Mar de Ruido, el festival m\u00e1s singular del verano en Asturias\",\"publisher\":{\"@id\":\"https:\\\/\\\/www.lamarderuido.com\\\/#organization\"},\"potentialAction\":[{\"@type\":\"SearchAction\",\"target\":{\"@type\":\"EntryPoint\",\"urlTemplate\":\"https:\\\/\\\/www.lamarderuido.com\\\/?s={search_term_string}\"},\"query-input\":{\"@type\":\"PropertyValueSpecification\",\"valueRequired\":true,\"valueName\":\"search_term_string\"}}],\"inLanguage\":\"en-US\"},{\"@type\":\"Organization\",\"@id\":\"https:\\\/\\\/www.lamarderuido.com\\\/#organization\",\"name\":\"La Mar de Ruido\",\"url\":\"https:\\\/\\\/www.lamarderuido.com\\\/\",\"logo\":{\"@type\":\"ImageObject\",\"inLanguage\":\"en-US\",\"@id\":\"https:\\\/\\\/www.lamarderuido.com\\\/#\\\/schema\\\/logo\\\/image\\\/\",\"url\":\"https:\\\/\\\/www.lamarderuido.com\\\/wp-content\\\/uploads\\\/2023\\\/08\\\/cropped-favicon.png\",\"contentUrl\":\"https:\\\/\\\/www.lamarderuido.com\\\/wp-content\\\/uploads\\\/2023\\\/08\\\/cropped-favicon.png\",\"width\":512,\"height\":512,\"caption\":\"La Mar de Ruido\"},\"image\":{\"@id\":\"https:\\\/\\\/www.lamarderuido.com\\\/#\\\/schema\\\/logo\\\/image\\\/\"}},{\"@type\":\"Person\",\"@id\":\"https:\\\/\\\/www.lamarderuido.com\\\/#\\\/schema\\\/person\\\/79c1b9efada89c944bbeed4ddd67c773\",\"name\":\"Beznar\"}]}<\/script>\n<!-- \/ Yoast SEO plugin. -->","yoast_head_json":{"title":"Chris Barron, leader of Spin Doctors, will be in Avil\u00e9s to celebrate the 20th Anniversary of La Mar de Ruido - La Mar de Ruido Festival","description":"Next August 21, three days after the end of the LA MAR DE RUIDO Festival, the leader of Spin Doctors, Chris Barron will offer a concert at","robots":{"index":"index","follow":"follow","max-snippet":"max-snippet:-1","max-image-preview":"max-image-preview:large","max-video-preview":"max-video-preview:-1"},"canonical":"https:\/\/www.lamarderuido.com\/en\/chris-barron-leader-of-spin-doctors-will-be-in-aviles-to-celebrate-the-20th-anniversary-of-la-mar-de-ruido\/","og_locale":"en_US","og_type":"article","og_title":"Chris Barron, lider de Spin Doctors estar\u00e1 en Avil\u00e9s para celebrar el 20\u00ba Aniversario de La Mar de Ruido - Festival La Mar de Ruido","og_description":"El pr\u00f3ximo 21 de agosto, tres dias despu\u00e9s de finalizar el Festival LA MAR DE RUIDO, el l\u00edder de Spin Doctors, Chris Barron ofrecer\u00e1 una concierto en","og_url":"https:\/\/www.lamarderuido.com\/en\/chris-barron-leader-of-spin-doctors-will-be-in-aviles-to-celebrate-the-20th-anniversary-of-la-mar-de-ruido\/","og_site_name":"Festival La Mar de Ruido","article_published_time":"2024-06-21T09:51:27+00:00","og_image":[{"width":1810,"height":2560,"url":"https:\/\/www.lamarderuido.com\/wp-content\/uploads\/2024\/06\/A3ChrisBarron-01-scaled.jpg","type":"image\/jpeg"}],"author":"Beznar","twitter_card":"summary_large_image","schema":{"@context":"https:\/\/schema.org","@graph":[{"@type":"Article","@id":"https:\/\/www.lamarderuido.com\/chris-barron-lider-de-spin-doctors-estara-en-aviles-para-celebrar-el-20o-aniversario-de-la-mar-de-ruido\/#article","isPartOf":{"@id":"https:\/\/www.lamarderuido.com\/chris-barron-lider-de-spin-doctors-estara-en-aviles-para-celebrar-el-20o-aniversario-de-la-mar-de-ruido\/"},"author":{"name":"Beznar","@id":"https:\/\/www.lamarderuido.com\/#\/schema\/person\/79c1b9efada89c944bbeed4ddd67c773"},"headline":"Chris Barron, lider de Spin Doctors estar\u00e1 en Avil\u00e9s para celebrar el 20\u00ba Aniversario de La Mar de Ruido","datePublished":"2024-06-21T09:51:27+00:00","mainEntityOfPage":{"@id":"https:\/\/www.lamarderuido.com\/chris-barron-lider-de-spin-doctors-estara-en-aviles-para-celebrar-el-20o-aniversario-de-la-mar-de-ruido\/"},"wordCount":83,"publisher":{"@id":"https:\/\/www.lamarderuido.com\/#organization"},"image":{"@id":"https:\/\/www.lamarderuido.com\/chris-barron-lider-de-spin-doctors-estara-en-aviles-para-celebrar-el-20o-aniversario-de-la-mar-de-ruido\/#primaryimage"},"thumbnailUrl":"https:\/\/www.lamarderuido.com\/wp-content\/uploads\/2024\/06\/A3ChrisBarron-01-scaled.jpg","articleSection":["Noticias"],"inLanguage":"en-US"},{"@type":"WebPage","@id":"https:\/\/www.lamarderuido.com\/chris-barron-lider-de-spin-doctors-estara-en-aviles-para-celebrar-el-20o-aniversario-de-la-mar-de-ruido\/","url":"https:\/\/www.lamarderuido.com\/chris-barron-lider-de-spin-doctors-estara-en-aviles-para-celebrar-el-20o-aniversario-de-la-mar-de-ruido\/","name":"Chris Barron, leader of Spin Doctors, will be in Avil\u00e9s to celebrate the 20th Anniversary of La Mar de Ruido - La Mar de Ruido Festival","isPartOf":{"@id":"https:\/\/www.lamarderuido.com\/#website"},"primaryImageOfPage":{"@id":"https:\/\/www.lamarderuido.com\/chris-barron-lider-de-spin-doctors-estara-en-aviles-para-celebrar-el-20o-aniversario-de-la-mar-de-ruido\/#primaryimage"},"image":{"@id":"https:\/\/www.lamarderuido.com\/chris-barron-lider-de-spin-doctors-estara-en-aviles-para-celebrar-el-20o-aniversario-de-la-mar-de-ruido\/#primaryimage"},"thumbnailUrl":"https:\/\/www.lamarderuido.com\/wp-content\/uploads\/2024\/06\/A3ChrisBarron-01-scaled.jpg","datePublished":"2024-06-21T09:51:27+00:00","description":"Next August 21, three days after the end of the LA MAR DE RUIDO Festival, the leader of Spin Doctors, Chris Barron will offer a concert at","breadcrumb":{"@id":"https:\/\/www.lamarderuido.com\/chris-barron-lider-de-spin-doctors-estara-en-aviles-para-celebrar-el-20o-aniversario-de-la-mar-de-ruido\/#breadcrumb"},"inLanguage":"en-US","potentialAction":[{"@type":"ReadAction","target":["https:\/\/www.lamarderuido.com\/chris-barron-lider-de-spin-doctors-estara-en-aviles-para-celebrar-el-20o-aniversario-de-la-mar-de-ruido\/"]}]},{"@type":"ImageObject","inLanguage":"en-US","@id":"https:\/\/www.lamarderuido.com\/chris-barron-lider-de-spin-doctors-estara-en-aviles-para-celebrar-el-20o-aniversario-de-la-mar-de-ruido\/#primaryimage","url":"https:\/\/www.lamarderuido.com\/wp-content\/uploads\/2024\/06\/A3ChrisBarron-01-scaled.jpg","contentUrl":"https:\/\/www.lamarderuido.com\/wp-content\/uploads\/2024\/06\/A3ChrisBarron-01-scaled.jpg","width":1810,"height":2560,"caption":"Chris Barron en Avil\u00e9s"},{"@type":"BreadcrumbList","@id":"https:\/\/www.lamarderuido.com\/chris-barron-lider-de-spin-doctors-estara-en-aviles-para-celebrar-el-20o-aniversario-de-la-mar-de-ruido\/#breadcrumb","itemListElement":[{"@type":"ListItem","position":1,"name":"Inicio","item":"https:\/\/www.lamarderuido.com\/"},{"@type":"ListItem","position":2,"name":"Chris Barron, lider de Spin Doctors estar\u00e1 en Avil\u00e9s para celebrar el 20\u00ba Aniversario de La Mar de Ruido"}]},{"@type":"WebSite","@id":"https:\/\/www.lamarderuido.com\/#website","url":"https:\/\/www.lamarderuido.com\/","name":"La Mar de Ruido Festival","description":"La Mar de Ruido, the most unique summer festival in Asturias","publisher":{"@id":"https:\/\/www.lamarderuido.com\/#organization"},"potentialAction":[{"@type":"SearchAction","target":{"@type":"EntryPoint","urlTemplate":"https:\/\/www.lamarderuido.com\/?s={search_term_string}"},"query-input":{"@type":"PropertyValueSpecification","valueRequired":true,"valueName":"search_term_string"}}],"inLanguage":"en-US"},{"@type":"Organization","@id":"https:\/\/www.lamarderuido.com\/#organization","name":"La Mar de Ruido","url":"https:\/\/www.lamarderuido.com\/","logo":{"@type":"ImageObject","inLanguage":"en-US","@id":"https:\/\/www.lamarderuido.com\/#\/schema\/logo\/image\/","url":"https:\/\/www.lamarderuido.com\/wp-content\/uploads\/2023\/08\/cropped-favicon.png","contentUrl":"https:\/\/www.lamarderuido.com\/wp-content\/uploads\/2023\/08\/cropped-favicon.png","width":512,"height":512,"caption":"La Mar de Ruido"},"image":{"@id":"https:\/\/www.lamarderuido.com\/#\/schema\/logo\/image\/"}},{"@type":"Person","@id":"https:\/\/www.lamarderuido.com\/#\/schema\/person\/79c1b9efada89c944bbeed4ddd67c773","name":"Beznar"}]}},"_links":{"self":[{"href":"https:\/\/www.lamarderuido.com\/en\/wp-json\/wp\/v2\/posts\/2042","targetHints":{"allow":["GET"]}}],"collection":[{"href":"https:\/\/www.lamarderuido.com\/en\/wp-json\/wp\/v2\/posts"}],"about":[{"href":"https:\/\/www.lamarderuido.com\/en\/wp-json\/wp\/v2\/types\/post"}],"author":[{"embeddable":true,"href":"https:\/\/www.lamarderuido.com\/en\/wp-json\/wp\/v2\/users\/2"}],"replies":[{"embeddable":true,"href":"https:\/\/www.lamarderuido.com\/en\/wp-json\/wp\/v2\/comments?post=2042"}],"version-history":[{"count":1,"href":"https:\/\/www.lamarderuido.com\/en\/wp-json\/wp\/v2\/posts\/2042\/revisions"}],"predecessor-version":[{"id":2044,"href":"https:\/\/www.lamarderuido.com\/en\/wp-json\/wp\/v2\/posts\/2042\/revisions\/2044"}],"wp:featuredmedia":[{"embeddable":true,"href":"https:\/\/www.lamarderuido.com\/en\/wp-json\/wp\/v2\/media\/2043"}],"wp:attachment":[{"href":"https:\/\/www.lamarderuido.com\/en\/wp-json\/wp\/v2\/media?parent=2042"}],"wp:term":[{"taxonomy":"category","embeddable":true,"href":"https:\/\/www.lamarderuido.com\/en\/wp-json\/wp\/v2\/categories?post=2042"},{"taxonomy":"post_tag","embeddable":true,"href":"https:\/\/www.lamarderuido.com\/en\/wp-json\/wp\/v2\/tags?post=2042"}],"curies":[{"name":"wp","href":"https:\/\/api.w.org\/{rel}","templated":true}]}}