{"id":1062,"date":"2019-08-16T17:18:38","date_gmt":"2019-08-16T15:18:38","guid":{"rendered":"https:\/\/www.lamarderuido.com\/?p=1062"},"modified":"2023-11-10T17:24:43","modified_gmt":"2023-11-10T16:24:43","slug":"la-mar-de-ruido-2019","status":"publish","type":"post","link":"https:\/\/www.lamarderuido.com\/en\/la-mar-de-ruido-2019\/","title":{"rendered":"La Mar de Ruido 2019"},"content":{"rendered":"<p style=\"font-weight: 400;\">The La Mar de Ruido music festival is now in its fifth century and has consolidated itself as a hallmark of the Avil\u00e9s summer. The program for this edition, which starts today and will last three days, features the presence of several legendary local bands, historical Spanish rock bands and international artists.<\/p>\n<p style=\"font-weight: 400;\">Today, from nine at night, the former Saratoga, Leo Jim\u00e9nez, will take the stage located at the bandstand in the Muelle park. Along with him you can enjoy three Aviles bands such as Manifesto, Fe de Ratas and Posessi\u00f3n.<\/p>\n<p style=\"font-weight: 400;\">Tomorrow the big news will arrive, the international artist who leads the Elliot Murphy Band arrives in Avil\u00e9s after forty years of experience and being considered a living myth. Also performing on Saturday will be Uruguayans Slos Burnin, the Texan guitarist couple, Buddy Whintington and Santiago Campillo, from M-Clan.<\/p>\n<p style=\"font-weight: 400;\">On Sunday the festival will end with the national rock of two legendary bands. Seguridad Social returns to Avil\u00e9s after twenty years and will perform alongside Arizona Baby from Valladolid, leading exponents of acoustic neofolk and indie-rock music.<\/p>","protected":false},"excerpt":{"rendered":"<p>El festival musical La Mar de Ruido cumple tres lustros ys e consolida como una se\u00f1a de identidad del verano avilesino. El programa de esta edici\u00f3n, que arranca hoy durar\u00e1 tres d\u00edas, cuenta con la presencia de varias bandas locales m\u00edticas, hist\u00f3ricos del rock espa\u00f1ol y artistas internacionales. Hoy, desde las nueve de la noche, [&hellip;]<\/p>\n","protected":false},"author":1,"featured_media":960,"comment_status":"closed","ping_status":"closed","sticky":false,"template":"","format":"standard","meta":{"_acf_changed":false,"footnotes":""},"categories":[33],"tags":[],"class_list":["post-1062","post","type-post","status-publish","format-standard","has-post-thumbnail","hentry","category-festivales"],"acf":[],"yoast_head":"<!-- This site is optimized with the Yoast SEO plugin v27.4 - https:\/\/yoast.com\/product\/yoast-seo-wordpress\/ -->\n<title>La Mar de Ruido 2019 - Festival La Mar de Ruido<\/title>\n<meta name=\"description\" content=\"El festival musical La Mar de Ruido cumple tres lustros ys e consolida como una se\u00f1a de identidad del verano avilesino. El programa de esta edici\u00f3n, que\" \/>\n<meta name=\"robots\" content=\"index, follow, max-snippet:-1, max-image-preview:large, max-video-preview:-1\" \/>\n<link rel=\"canonical\" href=\"https:\/\/www.lamarderuido.com\/en\/la-mar-de-ruido-2019\/\" \/>\n<meta property=\"og:locale\" content=\"en_US\" \/>\n<meta property=\"og:type\" content=\"article\" \/>\n<meta property=\"og:title\" content=\"La Mar de Ruido 2019 - Festival La Mar de Ruido\" \/>\n<meta property=\"og:description\" content=\"El festival musical La Mar de Ruido cumple tres lustros ys e consolida como una se\u00f1a de identidad del verano avilesino. El programa de esta edici\u00f3n, que\" \/>\n<meta property=\"og:url\" content=\"https:\/\/www.lamarderuido.com\/en\/la-mar-de-ruido-2019\/\" \/>\n<meta property=\"og:site_name\" content=\"Festival La Mar de Ruido\" \/>\n<meta property=\"article:published_time\" content=\"2019-08-16T15:18:38+00:00\" \/>\n<meta property=\"article:modified_time\" content=\"2023-11-10T16:24:43+00:00\" \/>\n<meta property=\"og:image\" content=\"https:\/\/www.lamarderuido.com\/wp-content\/uploads\/2023\/09\/2019.jpg\" \/>\n\t<meta property=\"og:image:width\" content=\"848\" \/>\n\t<meta property=\"og:image:height\" content=\"1199\" \/>\n\t<meta property=\"og:image:type\" content=\"image\/jpeg\" \/>\n<meta name=\"author\" content=\"doominio\" \/>\n<meta name=\"twitter:card\" content=\"summary_large_image\" \/>\n<script type=\"application\/ld+json\" class=\"yoast-schema-graph\">{\"@context\":\"https:\\\/\\\/schema.org\",\"@graph\":[{\"@type\":\"Article\",\"@id\":\"https:\\\/\\\/www.lamarderuido.com\\\/la-mar-de-ruido-2019\\\/#article\",\"isPartOf\":{\"@id\":\"https:\\\/\\\/www.lamarderuido.com\\\/la-mar-de-ruido-2019\\\/\"},\"author\":{\"name\":\"doominio\",\"@id\":\"https:\\\/\\\/www.lamarderuido.com\\\/#\\\/schema\\\/person\\\/6ee60897fbb7fb4ad6634c73f4be87fa\"},\"headline\":\"La Mar de Ruido 2019\",\"datePublished\":\"2019-08-16T15:18:38+00:00\",\"dateModified\":\"2023-11-10T16:24:43+00:00\",\"mainEntityOfPage\":{\"@id\":\"https:\\\/\\\/www.lamarderuido.com\\\/la-mar-de-ruido-2019\\\/\"},\"wordCount\":209,\"publisher\":{\"@id\":\"https:\\\/\\\/www.lamarderuido.com\\\/#organization\"},\"image\":{\"@id\":\"https:\\\/\\\/www.lamarderuido.com\\\/la-mar-de-ruido-2019\\\/#primaryimage\"},\"thumbnailUrl\":\"https:\\\/\\\/www.lamarderuido.com\\\/wp-content\\\/uploads\\\/2023\\\/09\\\/2019.jpg\",\"articleSection\":[\"Festivales\"],\"inLanguage\":\"en-US\"},{\"@type\":\"WebPage\",\"@id\":\"https:\\\/\\\/www.lamarderuido.com\\\/la-mar-de-ruido-2019\\\/\",\"url\":\"https:\\\/\\\/www.lamarderuido.com\\\/la-mar-de-ruido-2019\\\/\",\"name\":\"La Mar de Ruido 2019 - Festival La Mar de Ruido\",\"isPartOf\":{\"@id\":\"https:\\\/\\\/www.lamarderuido.com\\\/#website\"},\"primaryImageOfPage\":{\"@id\":\"https:\\\/\\\/www.lamarderuido.com\\\/la-mar-de-ruido-2019\\\/#primaryimage\"},\"image\":{\"@id\":\"https:\\\/\\\/www.lamarderuido.com\\\/la-mar-de-ruido-2019\\\/#primaryimage\"},\"thumbnailUrl\":\"https:\\\/\\\/www.lamarderuido.com\\\/wp-content\\\/uploads\\\/2023\\\/09\\\/2019.jpg\",\"datePublished\":\"2019-08-16T15:18:38+00:00\",\"dateModified\":\"2023-11-10T16:24:43+00:00\",\"description\":\"El festival musical La Mar de Ruido cumple tres lustros ys e consolida como una se\u00f1a de identidad del verano avilesino. El programa de esta edici\u00f3n, que\",\"breadcrumb\":{\"@id\":\"https:\\\/\\\/www.lamarderuido.com\\\/la-mar-de-ruido-2019\\\/#breadcrumb\"},\"inLanguage\":\"en-US\",\"potentialAction\":[{\"@type\":\"ReadAction\",\"target\":[\"https:\\\/\\\/www.lamarderuido.com\\\/la-mar-de-ruido-2019\\\/\"]}]},{\"@type\":\"ImageObject\",\"inLanguage\":\"en-US\",\"@id\":\"https:\\\/\\\/www.lamarderuido.com\\\/la-mar-de-ruido-2019\\\/#primaryimage\",\"url\":\"https:\\\/\\\/www.lamarderuido.com\\\/wp-content\\\/uploads\\\/2023\\\/09\\\/2019.jpg\",\"contentUrl\":\"https:\\\/\\\/www.lamarderuido.com\\\/wp-content\\\/uploads\\\/2023\\\/09\\\/2019.jpg\",\"width\":848,\"height\":1199,\"caption\":\"La Mar de Ruido - Cartel 2019\"},{\"@type\":\"BreadcrumbList\",\"@id\":\"https:\\\/\\\/www.lamarderuido.com\\\/la-mar-de-ruido-2019\\\/#breadcrumb\",\"itemListElement\":[{\"@type\":\"ListItem\",\"position\":1,\"name\":\"Inicio\",\"item\":\"https:\\\/\\\/www.lamarderuido.com\\\/\"},{\"@type\":\"ListItem\",\"position\":2,\"name\":\"La Mar de Ruido 2019\"}]},{\"@type\":\"WebSite\",\"@id\":\"https:\\\/\\\/www.lamarderuido.com\\\/#website\",\"url\":\"https:\\\/\\\/www.lamarderuido.com\\\/\",\"name\":\"Festival La Mar de Ruido\",\"description\":\"La Mar de Ruido, el festival m\u00e1s singular del verano en Asturias\",\"publisher\":{\"@id\":\"https:\\\/\\\/www.lamarderuido.com\\\/#organization\"},\"potentialAction\":[{\"@type\":\"SearchAction\",\"target\":{\"@type\":\"EntryPoint\",\"urlTemplate\":\"https:\\\/\\\/www.lamarderuido.com\\\/?s={search_term_string}\"},\"query-input\":{\"@type\":\"PropertyValueSpecification\",\"valueRequired\":true,\"valueName\":\"search_term_string\"}}],\"inLanguage\":\"en-US\"},{\"@type\":\"Organization\",\"@id\":\"https:\\\/\\\/www.lamarderuido.com\\\/#organization\",\"name\":\"La Mar de Ruido\",\"url\":\"https:\\\/\\\/www.lamarderuido.com\\\/\",\"logo\":{\"@type\":\"ImageObject\",\"inLanguage\":\"en-US\",\"@id\":\"https:\\\/\\\/www.lamarderuido.com\\\/#\\\/schema\\\/logo\\\/image\\\/\",\"url\":\"https:\\\/\\\/www.lamarderuido.com\\\/wp-content\\\/uploads\\\/2023\\\/08\\\/cropped-favicon.png\",\"contentUrl\":\"https:\\\/\\\/www.lamarderuido.com\\\/wp-content\\\/uploads\\\/2023\\\/08\\\/cropped-favicon.png\",\"width\":512,\"height\":512,\"caption\":\"La Mar de Ruido\"},\"image\":{\"@id\":\"https:\\\/\\\/www.lamarderuido.com\\\/#\\\/schema\\\/logo\\\/image\\\/\"}},{\"@type\":\"Person\",\"@id\":\"https:\\\/\\\/www.lamarderuido.com\\\/#\\\/schema\\\/person\\\/6ee60897fbb7fb4ad6634c73f4be87fa\",\"name\":\"doominio\",\"sameAs\":[\"https:\\\/\\\/www.lamarderuido.com\"]}]}<\/script>\n<!-- \/ Yoast SEO plugin. -->","yoast_head_json":{"title":"La Mar de Ruido 2019 - La Mar de Ruido Festival","description":"The La Mar de Ruido music festival is now in its third decade and has consolidated itself as a hallmark of the Avil\u00e9s summer. The program of this edition, which","robots":{"index":"index","follow":"follow","max-snippet":"max-snippet:-1","max-image-preview":"max-image-preview:large","max-video-preview":"max-video-preview:-1"},"canonical":"https:\/\/www.lamarderuido.com\/en\/la-mar-de-ruido-2019\/","og_locale":"en_US","og_type":"article","og_title":"La Mar de Ruido 2019 - Festival La Mar de Ruido","og_description":"El festival musical La Mar de Ruido cumple tres lustros ys e consolida como una se\u00f1a de identidad del verano avilesino. El programa de esta edici\u00f3n, que","og_url":"https:\/\/www.lamarderuido.com\/en\/la-mar-de-ruido-2019\/","og_site_name":"Festival La Mar de Ruido","article_published_time":"2019-08-16T15:18:38+00:00","article_modified_time":"2023-11-10T16:24:43+00:00","og_image":[{"width":848,"height":1199,"url":"https:\/\/www.lamarderuido.com\/wp-content\/uploads\/2023\/09\/2019.jpg","type":"image\/jpeg"}],"author":"doominio","twitter_card":"summary_large_image","schema":{"@context":"https:\/\/schema.org","@graph":[{"@type":"Article","@id":"https:\/\/www.lamarderuido.com\/la-mar-de-ruido-2019\/#article","isPartOf":{"@id":"https:\/\/www.lamarderuido.com\/la-mar-de-ruido-2019\/"},"author":{"name":"doominio","@id":"https:\/\/www.lamarderuido.com\/#\/schema\/person\/6ee60897fbb7fb4ad6634c73f4be87fa"},"headline":"La Mar de Ruido 2019","datePublished":"2019-08-16T15:18:38+00:00","dateModified":"2023-11-10T16:24:43+00:00","mainEntityOfPage":{"@id":"https:\/\/www.lamarderuido.com\/la-mar-de-ruido-2019\/"},"wordCount":209,"publisher":{"@id":"https:\/\/www.lamarderuido.com\/#organization"},"image":{"@id":"https:\/\/www.lamarderuido.com\/la-mar-de-ruido-2019\/#primaryimage"},"thumbnailUrl":"https:\/\/www.lamarderuido.com\/wp-content\/uploads\/2023\/09\/2019.jpg","articleSection":["Festivales"],"inLanguage":"en-US"},{"@type":"WebPage","@id":"https:\/\/www.lamarderuido.com\/la-mar-de-ruido-2019\/","url":"https:\/\/www.lamarderuido.com\/la-mar-de-ruido-2019\/","name":"La Mar de Ruido 2019 - La Mar de Ruido Festival","isPartOf":{"@id":"https:\/\/www.lamarderuido.com\/#website"},"primaryImageOfPage":{"@id":"https:\/\/www.lamarderuido.com\/la-mar-de-ruido-2019\/#primaryimage"},"image":{"@id":"https:\/\/www.lamarderuido.com\/la-mar-de-ruido-2019\/#primaryimage"},"thumbnailUrl":"https:\/\/www.lamarderuido.com\/wp-content\/uploads\/2023\/09\/2019.jpg","datePublished":"2019-08-16T15:18:38+00:00","dateModified":"2023-11-10T16:24:43+00:00","description":"The La Mar de Ruido music festival is now in its third decade and has consolidated itself as a hallmark of the Avil\u00e9s summer. The program of this edition, which","breadcrumb":{"@id":"https:\/\/www.lamarderuido.com\/la-mar-de-ruido-2019\/#breadcrumb"},"inLanguage":"en-US","potentialAction":[{"@type":"ReadAction","target":["https:\/\/www.lamarderuido.com\/la-mar-de-ruido-2019\/"]}]},{"@type":"ImageObject","inLanguage":"en-US","@id":"https:\/\/www.lamarderuido.com\/la-mar-de-ruido-2019\/#primaryimage","url":"https:\/\/www.lamarderuido.com\/wp-content\/uploads\/2023\/09\/2019.jpg","contentUrl":"https:\/\/www.lamarderuido.com\/wp-content\/uploads\/2023\/09\/2019.jpg","width":848,"height":1199,"caption":"La Mar de Ruido - Cartel 2019"},{"@type":"BreadcrumbList","@id":"https:\/\/www.lamarderuido.com\/la-mar-de-ruido-2019\/#breadcrumb","itemListElement":[{"@type":"ListItem","position":1,"name":"Inicio","item":"https:\/\/www.lamarderuido.com\/"},{"@type":"ListItem","position":2,"name":"La Mar de Ruido 2019"}]},{"@type":"WebSite","@id":"https:\/\/www.lamarderuido.com\/#website","url":"https:\/\/www.lamarderuido.com\/","name":"La Mar de Ruido Festival","description":"La Mar de Ruido, the most unique summer festival in Asturias","publisher":{"@id":"https:\/\/www.lamarderuido.com\/#organization"},"potentialAction":[{"@type":"SearchAction","target":{"@type":"EntryPoint","urlTemplate":"https:\/\/www.lamarderuido.com\/?s={search_term_string}"},"query-input":{"@type":"PropertyValueSpecification","valueRequired":true,"valueName":"search_term_string"}}],"inLanguage":"en-US"},{"@type":"Organization","@id":"https:\/\/www.lamarderuido.com\/#organization","name":"La Mar de Ruido","url":"https:\/\/www.lamarderuido.com\/","logo":{"@type":"ImageObject","inLanguage":"en-US","@id":"https:\/\/www.lamarderuido.com\/#\/schema\/logo\/image\/","url":"https:\/\/www.lamarderuido.com\/wp-content\/uploads\/2023\/08\/cropped-favicon.png","contentUrl":"https:\/\/www.lamarderuido.com\/wp-content\/uploads\/2023\/08\/cropped-favicon.png","width":512,"height":512,"caption":"La Mar de Ruido"},"image":{"@id":"https:\/\/www.lamarderuido.com\/#\/schema\/logo\/image\/"}},{"@type":"Person","@id":"https:\/\/www.lamarderuido.com\/#\/schema\/person\/6ee60897fbb7fb4ad6634c73f4be87fa","name":"doominio","sameAs":["https:\/\/www.lamarderuido.com"]}]}},"_links":{"self":[{"href":"https:\/\/www.lamarderuido.com\/en\/wp-json\/wp\/v2\/posts\/1062","targetHints":{"allow":["GET"]}}],"collection":[{"href":"https:\/\/www.lamarderuido.com\/en\/wp-json\/wp\/v2\/posts"}],"about":[{"href":"https:\/\/www.lamarderuido.com\/en\/wp-json\/wp\/v2\/types\/post"}],"author":[{"embeddable":true,"href":"https:\/\/www.lamarderuido.com\/en\/wp-json\/wp\/v2\/users\/1"}],"replies":[{"embeddable":true,"href":"https:\/\/www.lamarderuido.com\/en\/wp-json\/wp\/v2\/comments?post=1062"}],"version-history":[{"count":4,"href":"https:\/\/www.lamarderuido.com\/en\/wp-json\/wp\/v2\/posts\/1062\/revisions"}],"predecessor-version":[{"id":1559,"href":"https:\/\/www.lamarderuido.com\/en\/wp-json\/wp\/v2\/posts\/1062\/revisions\/1559"}],"wp:featuredmedia":[{"embeddable":true,"href":"https:\/\/www.lamarderuido.com\/en\/wp-json\/wp\/v2\/media\/960"}],"wp:attachment":[{"href":"https:\/\/www.lamarderuido.com\/en\/wp-json\/wp\/v2\/media?parent=1062"}],"wp:term":[{"taxonomy":"category","embeddable":true,"href":"https:\/\/www.lamarderuido.com\/en\/wp-json\/wp\/v2\/categories?post=1062"},{"taxonomy":"post_tag","embeddable":true,"href":"https:\/\/www.lamarderuido.com\/en\/wp-json\/wp\/v2\/tags?post=1062"}],"curies":[{"name":"wp","href":"https:\/\/api.w.org\/{rel}","templated":true}]}}