{"id":1054,"date":"2015-08-21T17:08:33","date_gmt":"2015-08-21T15:08:33","guid":{"rendered":"https:\/\/www.lamarderuido.com\/?p=1054"},"modified":"2023-11-10T17:28:06","modified_gmt":"2023-11-10T16:28:06","slug":"la-mar-de-ruido-2015","status":"publish","type":"post","link":"https:\/\/www.lamarderuido.com\/en\/la-mar-de-ruido-2015\/","title":{"rendered":"La Mar de Ruido 2015"},"content":{"rendered":"<p style=\"font-weight: 400;\">La Mar de Ruido returned in 2015, one of the most anticipated events in the programming of the San Agust\u00edn de Avil\u00e9s festivities.<\/p>\n<p style=\"font-weight: 400;\">The bandstand in El Muelle park, a stage that is linked to the festival itself as one of its hallmarks, hosted the concert that four rock and heavy metal bands will star in on this first day at ten o&#039;clock at night. . They were Ob\u00fas, Jorge Salan &amp; The Majestic Jaywalkers, Riff Raff (tribute to AC\/DC) and Whestia. It was without a doubt the most crowded Friday of the 18 editions. Ob\u00fas was the perfect attraction, and as we feared, they blew up the Parque del Muelle, with an unforgettable concert.<\/p>\n<p style=\"font-weight: 400;\">La Mar de Ruido continued with its second and last day, focused for this occasion dedicated to Spanish pop of the eighties, and in which the presence of the legendary Nacha Pop, Alejo Stivel, who was the voice of the group Tequila, and Javi and the Parametric. Music with its own personality.<\/p>","protected":false},"excerpt":{"rendered":"<p>Volvi\u00f3 La Mar de Ruido en 2015, una de las citas m\u00e1s esperadas de la programaci\u00f3n de las fiestas de San Agust\u00edn de Avil\u00e9s. El quiosco de la m\u00fasica del parque de El Muelle, escenario que va ligado al propio festival como una de sus se\u00f1as de identidad, alberg\u00f3 a partir de las diez de [&hellip;]<\/p>\n","protected":false},"author":1,"featured_media":956,"comment_status":"closed","ping_status":"closed","sticky":false,"template":"","format":"standard","meta":{"_acf_changed":false,"footnotes":""},"categories":[33],"tags":[],"class_list":["post-1054","post","type-post","status-publish","format-standard","has-post-thumbnail","hentry","category-festivales"],"acf":[],"yoast_head":"<!-- This site is optimized with the Yoast SEO plugin v27.4 - https:\/\/yoast.com\/product\/yoast-seo-wordpress\/ -->\n<title>La Mar de Ruido 2015 - Festival La Mar de Ruido<\/title>\n<meta name=\"description\" content=\"Volvi\u00f3 La Mar de Ruido en 2015, una de las citas m\u00e1s esperadas de la programaci\u00f3n de las fiestas de San Agust\u00edn de Avil\u00e9s. El quiosco de la m\u00fasica del\" \/>\n<meta name=\"robots\" content=\"index, follow, max-snippet:-1, max-image-preview:large, max-video-preview:-1\" \/>\n<link rel=\"canonical\" href=\"https:\/\/www.lamarderuido.com\/en\/la-mar-de-ruido-2015\/\" \/>\n<meta property=\"og:locale\" content=\"en_US\" \/>\n<meta property=\"og:type\" content=\"article\" \/>\n<meta property=\"og:title\" content=\"La Mar de Ruido 2015 - Festival La Mar de Ruido\" \/>\n<meta property=\"og:description\" content=\"Volvi\u00f3 La Mar de Ruido en 2015, una de las citas m\u00e1s esperadas de la programaci\u00f3n de las fiestas de San Agust\u00edn de Avil\u00e9s. El quiosco de la m\u00fasica del\" \/>\n<meta property=\"og:url\" content=\"https:\/\/www.lamarderuido.com\/en\/la-mar-de-ruido-2015\/\" \/>\n<meta property=\"og:site_name\" content=\"Festival La Mar de Ruido\" \/>\n<meta property=\"article:published_time\" content=\"2015-08-21T15:08:33+00:00\" \/>\n<meta property=\"article:modified_time\" content=\"2023-11-10T16:28:06+00:00\" \/>\n<meta property=\"og:image\" content=\"https:\/\/www.lamarderuido.com\/wp-content\/uploads\/2023\/09\/2015.jpg\" \/>\n\t<meta property=\"og:image:width\" content=\"857\" \/>\n\t<meta property=\"og:image:height\" content=\"1200\" \/>\n\t<meta property=\"og:image:type\" content=\"image\/jpeg\" \/>\n<meta name=\"author\" content=\"doominio\" \/>\n<meta name=\"twitter:card\" content=\"summary_large_image\" \/>\n<script type=\"application\/ld+json\" class=\"yoast-schema-graph\">{\"@context\":\"https:\\\/\\\/schema.org\",\"@graph\":[{\"@type\":\"Article\",\"@id\":\"https:\\\/\\\/www.lamarderuido.com\\\/la-mar-de-ruido-2015\\\/#article\",\"isPartOf\":{\"@id\":\"https:\\\/\\\/www.lamarderuido.com\\\/la-mar-de-ruido-2015\\\/\"},\"author\":{\"name\":\"doominio\",\"@id\":\"https:\\\/\\\/www.lamarderuido.com\\\/#\\\/schema\\\/person\\\/6ee60897fbb7fb4ad6634c73f4be87fa\"},\"headline\":\"La Mar de Ruido 2015\",\"datePublished\":\"2015-08-21T15:08:33+00:00\",\"dateModified\":\"2023-11-10T16:28:06+00:00\",\"mainEntityOfPage\":{\"@id\":\"https:\\\/\\\/www.lamarderuido.com\\\/la-mar-de-ruido-2015\\\/\"},\"wordCount\":192,\"publisher\":{\"@id\":\"https:\\\/\\\/www.lamarderuido.com\\\/#organization\"},\"image\":{\"@id\":\"https:\\\/\\\/www.lamarderuido.com\\\/la-mar-de-ruido-2015\\\/#primaryimage\"},\"thumbnailUrl\":\"https:\\\/\\\/www.lamarderuido.com\\\/wp-content\\\/uploads\\\/2023\\\/09\\\/2015.jpg\",\"articleSection\":[\"Festivales\"],\"inLanguage\":\"en-US\"},{\"@type\":\"WebPage\",\"@id\":\"https:\\\/\\\/www.lamarderuido.com\\\/la-mar-de-ruido-2015\\\/\",\"url\":\"https:\\\/\\\/www.lamarderuido.com\\\/la-mar-de-ruido-2015\\\/\",\"name\":\"La Mar de Ruido 2015 - Festival La Mar de Ruido\",\"isPartOf\":{\"@id\":\"https:\\\/\\\/www.lamarderuido.com\\\/#website\"},\"primaryImageOfPage\":{\"@id\":\"https:\\\/\\\/www.lamarderuido.com\\\/la-mar-de-ruido-2015\\\/#primaryimage\"},\"image\":{\"@id\":\"https:\\\/\\\/www.lamarderuido.com\\\/la-mar-de-ruido-2015\\\/#primaryimage\"},\"thumbnailUrl\":\"https:\\\/\\\/www.lamarderuido.com\\\/wp-content\\\/uploads\\\/2023\\\/09\\\/2015.jpg\",\"datePublished\":\"2015-08-21T15:08:33+00:00\",\"dateModified\":\"2023-11-10T16:28:06+00:00\",\"description\":\"Volvi\u00f3 La Mar de Ruido en 2015, una de las citas m\u00e1s esperadas de la programaci\u00f3n de las fiestas de San Agust\u00edn de Avil\u00e9s. El quiosco de la m\u00fasica del\",\"breadcrumb\":{\"@id\":\"https:\\\/\\\/www.lamarderuido.com\\\/la-mar-de-ruido-2015\\\/#breadcrumb\"},\"inLanguage\":\"en-US\",\"potentialAction\":[{\"@type\":\"ReadAction\",\"target\":[\"https:\\\/\\\/www.lamarderuido.com\\\/la-mar-de-ruido-2015\\\/\"]}]},{\"@type\":\"ImageObject\",\"inLanguage\":\"en-US\",\"@id\":\"https:\\\/\\\/www.lamarderuido.com\\\/la-mar-de-ruido-2015\\\/#primaryimage\",\"url\":\"https:\\\/\\\/www.lamarderuido.com\\\/wp-content\\\/uploads\\\/2023\\\/09\\\/2015.jpg\",\"contentUrl\":\"https:\\\/\\\/www.lamarderuido.com\\\/wp-content\\\/uploads\\\/2023\\\/09\\\/2015.jpg\",\"width\":857,\"height\":1200,\"caption\":\"La Mar de Ruido - Cartel 2015\"},{\"@type\":\"BreadcrumbList\",\"@id\":\"https:\\\/\\\/www.lamarderuido.com\\\/la-mar-de-ruido-2015\\\/#breadcrumb\",\"itemListElement\":[{\"@type\":\"ListItem\",\"position\":1,\"name\":\"Inicio\",\"item\":\"https:\\\/\\\/www.lamarderuido.com\\\/\"},{\"@type\":\"ListItem\",\"position\":2,\"name\":\"La Mar de Ruido 2015\"}]},{\"@type\":\"WebSite\",\"@id\":\"https:\\\/\\\/www.lamarderuido.com\\\/#website\",\"url\":\"https:\\\/\\\/www.lamarderuido.com\\\/\",\"name\":\"Festival La Mar de Ruido\",\"description\":\"La Mar de Ruido, el festival m\u00e1s singular del verano en Asturias\",\"publisher\":{\"@id\":\"https:\\\/\\\/www.lamarderuido.com\\\/#organization\"},\"potentialAction\":[{\"@type\":\"SearchAction\",\"target\":{\"@type\":\"EntryPoint\",\"urlTemplate\":\"https:\\\/\\\/www.lamarderuido.com\\\/?s={search_term_string}\"},\"query-input\":{\"@type\":\"PropertyValueSpecification\",\"valueRequired\":true,\"valueName\":\"search_term_string\"}}],\"inLanguage\":\"en-US\"},{\"@type\":\"Organization\",\"@id\":\"https:\\\/\\\/www.lamarderuido.com\\\/#organization\",\"name\":\"La Mar de Ruido\",\"url\":\"https:\\\/\\\/www.lamarderuido.com\\\/\",\"logo\":{\"@type\":\"ImageObject\",\"inLanguage\":\"en-US\",\"@id\":\"https:\\\/\\\/www.lamarderuido.com\\\/#\\\/schema\\\/logo\\\/image\\\/\",\"url\":\"https:\\\/\\\/www.lamarderuido.com\\\/wp-content\\\/uploads\\\/2023\\\/08\\\/cropped-favicon.png\",\"contentUrl\":\"https:\\\/\\\/www.lamarderuido.com\\\/wp-content\\\/uploads\\\/2023\\\/08\\\/cropped-favicon.png\",\"width\":512,\"height\":512,\"caption\":\"La Mar de Ruido\"},\"image\":{\"@id\":\"https:\\\/\\\/www.lamarderuido.com\\\/#\\\/schema\\\/logo\\\/image\\\/\"}},{\"@type\":\"Person\",\"@id\":\"https:\\\/\\\/www.lamarderuido.com\\\/#\\\/schema\\\/person\\\/6ee60897fbb7fb4ad6634c73f4be87fa\",\"name\":\"doominio\",\"sameAs\":[\"https:\\\/\\\/www.lamarderuido.com\"]}]}<\/script>\n<!-- \/ Yoast SEO plugin. -->","yoast_head_json":{"title":"La Mar de Ruido 2015 - La Mar de Ruido Festival","description":"La Mar de Ruido returned in 2015, one of the most anticipated events in the programming of the San Agust\u00edn de Avil\u00e9s festivities. The bandstand","robots":{"index":"index","follow":"follow","max-snippet":"max-snippet:-1","max-image-preview":"max-image-preview:large","max-video-preview":"max-video-preview:-1"},"canonical":"https:\/\/www.lamarderuido.com\/en\/la-mar-de-ruido-2015\/","og_locale":"en_US","og_type":"article","og_title":"La Mar de Ruido 2015 - Festival La Mar de Ruido","og_description":"Volvi\u00f3 La Mar de Ruido en 2015, una de las citas m\u00e1s esperadas de la programaci\u00f3n de las fiestas de San Agust\u00edn de Avil\u00e9s. El quiosco de la m\u00fasica del","og_url":"https:\/\/www.lamarderuido.com\/en\/la-mar-de-ruido-2015\/","og_site_name":"Festival La Mar de Ruido","article_published_time":"2015-08-21T15:08:33+00:00","article_modified_time":"2023-11-10T16:28:06+00:00","og_image":[{"width":857,"height":1200,"url":"https:\/\/www.lamarderuido.com\/wp-content\/uploads\/2023\/09\/2015.jpg","type":"image\/jpeg"}],"author":"doominio","twitter_card":"summary_large_image","schema":{"@context":"https:\/\/schema.org","@graph":[{"@type":"Article","@id":"https:\/\/www.lamarderuido.com\/la-mar-de-ruido-2015\/#article","isPartOf":{"@id":"https:\/\/www.lamarderuido.com\/la-mar-de-ruido-2015\/"},"author":{"name":"doominio","@id":"https:\/\/www.lamarderuido.com\/#\/schema\/person\/6ee60897fbb7fb4ad6634c73f4be87fa"},"headline":"La Mar de Ruido 2015","datePublished":"2015-08-21T15:08:33+00:00","dateModified":"2023-11-10T16:28:06+00:00","mainEntityOfPage":{"@id":"https:\/\/www.lamarderuido.com\/la-mar-de-ruido-2015\/"},"wordCount":192,"publisher":{"@id":"https:\/\/www.lamarderuido.com\/#organization"},"image":{"@id":"https:\/\/www.lamarderuido.com\/la-mar-de-ruido-2015\/#primaryimage"},"thumbnailUrl":"https:\/\/www.lamarderuido.com\/wp-content\/uploads\/2023\/09\/2015.jpg","articleSection":["Festivales"],"inLanguage":"en-US"},{"@type":"WebPage","@id":"https:\/\/www.lamarderuido.com\/la-mar-de-ruido-2015\/","url":"https:\/\/www.lamarderuido.com\/la-mar-de-ruido-2015\/","name":"La Mar de Ruido 2015 - La Mar de Ruido Festival","isPartOf":{"@id":"https:\/\/www.lamarderuido.com\/#website"},"primaryImageOfPage":{"@id":"https:\/\/www.lamarderuido.com\/la-mar-de-ruido-2015\/#primaryimage"},"image":{"@id":"https:\/\/www.lamarderuido.com\/la-mar-de-ruido-2015\/#primaryimage"},"thumbnailUrl":"https:\/\/www.lamarderuido.com\/wp-content\/uploads\/2023\/09\/2015.jpg","datePublished":"2015-08-21T15:08:33+00:00","dateModified":"2023-11-10T16:28:06+00:00","description":"La Mar de Ruido returned in 2015, one of the most anticipated events in the programming of the San Agust\u00edn de Avil\u00e9s festivities. The bandstand","breadcrumb":{"@id":"https:\/\/www.lamarderuido.com\/la-mar-de-ruido-2015\/#breadcrumb"},"inLanguage":"en-US","potentialAction":[{"@type":"ReadAction","target":["https:\/\/www.lamarderuido.com\/la-mar-de-ruido-2015\/"]}]},{"@type":"ImageObject","inLanguage":"en-US","@id":"https:\/\/www.lamarderuido.com\/la-mar-de-ruido-2015\/#primaryimage","url":"https:\/\/www.lamarderuido.com\/wp-content\/uploads\/2023\/09\/2015.jpg","contentUrl":"https:\/\/www.lamarderuido.com\/wp-content\/uploads\/2023\/09\/2015.jpg","width":857,"height":1200,"caption":"La Mar de Ruido - Cartel 2015"},{"@type":"BreadcrumbList","@id":"https:\/\/www.lamarderuido.com\/la-mar-de-ruido-2015\/#breadcrumb","itemListElement":[{"@type":"ListItem","position":1,"name":"Inicio","item":"https:\/\/www.lamarderuido.com\/"},{"@type":"ListItem","position":2,"name":"La Mar de Ruido 2015"}]},{"@type":"WebSite","@id":"https:\/\/www.lamarderuido.com\/#website","url":"https:\/\/www.lamarderuido.com\/","name":"La Mar de Ruido Festival","description":"La Mar de Ruido, the most unique summer festival in Asturias","publisher":{"@id":"https:\/\/www.lamarderuido.com\/#organization"},"potentialAction":[{"@type":"SearchAction","target":{"@type":"EntryPoint","urlTemplate":"https:\/\/www.lamarderuido.com\/?s={search_term_string}"},"query-input":{"@type":"PropertyValueSpecification","valueRequired":true,"valueName":"search_term_string"}}],"inLanguage":"en-US"},{"@type":"Organization","@id":"https:\/\/www.lamarderuido.com\/#organization","name":"La Mar de Ruido","url":"https:\/\/www.lamarderuido.com\/","logo":{"@type":"ImageObject","inLanguage":"en-US","@id":"https:\/\/www.lamarderuido.com\/#\/schema\/logo\/image\/","url":"https:\/\/www.lamarderuido.com\/wp-content\/uploads\/2023\/08\/cropped-favicon.png","contentUrl":"https:\/\/www.lamarderuido.com\/wp-content\/uploads\/2023\/08\/cropped-favicon.png","width":512,"height":512,"caption":"La Mar de Ruido"},"image":{"@id":"https:\/\/www.lamarderuido.com\/#\/schema\/logo\/image\/"}},{"@type":"Person","@id":"https:\/\/www.lamarderuido.com\/#\/schema\/person\/6ee60897fbb7fb4ad6634c73f4be87fa","name":"doominio","sameAs":["https:\/\/www.lamarderuido.com"]}]}},"_links":{"self":[{"href":"https:\/\/www.lamarderuido.com\/en\/wp-json\/wp\/v2\/posts\/1054","targetHints":{"allow":["GET"]}}],"collection":[{"href":"https:\/\/www.lamarderuido.com\/en\/wp-json\/wp\/v2\/posts"}],"about":[{"href":"https:\/\/www.lamarderuido.com\/en\/wp-json\/wp\/v2\/types\/post"}],"author":[{"embeddable":true,"href":"https:\/\/www.lamarderuido.com\/en\/wp-json\/wp\/v2\/users\/1"}],"replies":[{"embeddable":true,"href":"https:\/\/www.lamarderuido.com\/en\/wp-json\/wp\/v2\/comments?post=1054"}],"version-history":[{"count":1,"href":"https:\/\/www.lamarderuido.com\/en\/wp-json\/wp\/v2\/posts\/1054\/revisions"}],"predecessor-version":[{"id":1055,"href":"https:\/\/www.lamarderuido.com\/en\/wp-json\/wp\/v2\/posts\/1054\/revisions\/1055"}],"wp:featuredmedia":[{"embeddable":true,"href":"https:\/\/www.lamarderuido.com\/en\/wp-json\/wp\/v2\/media\/956"}],"wp:attachment":[{"href":"https:\/\/www.lamarderuido.com\/en\/wp-json\/wp\/v2\/media?parent=1054"}],"wp:term":[{"taxonomy":"category","embeddable":true,"href":"https:\/\/www.lamarderuido.com\/en\/wp-json\/wp\/v2\/categories?post=1054"},{"taxonomy":"post_tag","embeddable":true,"href":"https:\/\/www.lamarderuido.com\/en\/wp-json\/wp\/v2\/tags?post=1054"}],"curies":[{"name":"wp","href":"https:\/\/api.w.org\/{rel}","templated":true}]}}