{"id":1052,"date":"2014-08-22T17:04:42","date_gmt":"2014-08-22T15:04:42","guid":{"rendered":"https:\/\/www.lamarderuido.com\/?p=1052"},"modified":"2023-11-10T17:28:26","modified_gmt":"2023-11-10T16:28:26","slug":"la-mar-de-ruido-2014","status":"publish","type":"post","link":"https:\/\/www.lamarderuido.com\/en\/la-mar-de-ruido-2014\/","title":{"rendered":"La Mar de Ruido 2014"},"content":{"rendered":"<p style=\"font-weight: 400;\">Avil\u00e9s (Asturias-Spain). A peculiar Festival for many reasons, the main one being its circular stage. More than 100 years contemplate him; Music bands performed there for a century, also dance orchestras in the 60s, 70s and 80s... and for a decade, the 2nd oldest rock festival held in Asturias.<\/p>\n<p style=\"font-weight: 400;\">This stage has been visited by international rock legends such as<strong>\u00a0Chris Barron (Spin Doctors), Jackson Browne, Marky Ramone, Paul Di&#039;anno (Iron Maiden), Robert Gordon, Chris Spedding, Elliott Murphy, The Christians, The Godfathers, Willie Nile, Sunshiners, Memo Gonzalez, Armandinho Macedo, Ricardito Ortiz \u201cVieja Trova Santiaguera\u201d, Super Ratones, Dr. Feelgood\u2026\u2026..\u00a0<\/strong><\/p>\n<p style=\"font-weight: 400;\">Spanish artists such as<strong>\u00a0Luz Casal, Germ\u00e1n Coppini, Danza Invisible, Burning, Gastelo, La Frontera, Los Deltonos, Josele Santiago, Micky y Los Colosos del Ritmo, Los Salvajes, Asfalto, Edu Manazas\u2026.<\/strong><\/p>\n<p style=\"font-weight: 400;\">Asturian artists<strong>\u00a0such as Nuberu, Pablo Moro, Pablo Vald\u00e9s, Los Ministerios, The Paperbacks, The Jungle Fevers, Vaud\u00ed, Mokomitas, Real Straits, Stukas, Los Juniors, Igor Paskual, Rafa Kas, The Punishers, Maurizios, Javi and Los Parametricos, Avalanch, Koniec , Babyl\u00f3n Chat, The Redeemers, Kie 13, Groovie Doobie Groove, Hermits of the River\u2026.<\/strong><\/p>\n<p style=\"font-weight: 400;\">Avilesian bands<strong>\u00a0such as Bloody Mary, Alexandra in Grey, Captain Caveman, Lycosa Tarantula, AC Soul, Los Linces, Lateralus, Xulio Antidio, Crudo, Morrigans, Nexxo, Hunger, Anywhere, Distortion Pro, Ban Jalen, En-Hendrox, Fe de Ratas, Space Cakes, The Cruisers, Mr. Lobo, Three Word name, Jacky Trap, Possesion, Omenomejodas, Redemptor, Bad to worse\u2026\u2026<\/strong><\/p>\n<p style=\"font-weight: 400;\">Anyway...a long list of bands that make our Festival a meeting place for all possible music and musicians from different parts of the world.<\/p>","protected":false},"excerpt":{"rendered":"<p>Avil\u00e9s (Asturias-Espa\u00f1a). Un Festival peculiar por muchos motivos, el principal,\u00a0 su escenario circular. M\u00e1s de 100 a\u00f1os le contemplan; por all\u00ed pasaron bandas de m\u00fasica durante un siglo, tambi\u00e9n orquestas de baile en los a\u00f1os 60, 70 y 80\u2026y desde hace una d\u00e9cada, \u00a0el 2\u00ba Festival\u00a0 de rock m\u00e1s antiguo de cuantos se celebran en [&hellip;]<\/p>\n","protected":false},"author":1,"featured_media":955,"comment_status":"closed","ping_status":"closed","sticky":false,"template":"","format":"standard","meta":{"_acf_changed":false,"footnotes":""},"categories":[33],"tags":[],"class_list":["post-1052","post","type-post","status-publish","format-standard","has-post-thumbnail","hentry","category-festivales"],"acf":[],"yoast_head":"<!-- This site is optimized with the Yoast SEO plugin v27.4 - https:\/\/yoast.com\/product\/yoast-seo-wordpress\/ -->\n<title>La Mar de Ruido 2014 - Festival La Mar de Ruido<\/title>\n<meta name=\"description\" content=\"Avil\u00e9s (Asturias-Espa\u00f1a). Un Festival peculiar por muchos motivos, el principal,\u00a0 su escenario circular. M\u00e1s de 100 a\u00f1os le contemplan; por all\u00ed pasaron\" \/>\n<meta name=\"robots\" content=\"index, follow, max-snippet:-1, max-image-preview:large, max-video-preview:-1\" \/>\n<link rel=\"canonical\" href=\"https:\/\/www.lamarderuido.com\/en\/la-mar-de-ruido-2014\/\" \/>\n<meta property=\"og:locale\" content=\"en_US\" \/>\n<meta property=\"og:type\" content=\"article\" \/>\n<meta property=\"og:title\" content=\"La Mar de Ruido 2014 - Festival La Mar de Ruido\" \/>\n<meta property=\"og:description\" content=\"Avil\u00e9s (Asturias-Espa\u00f1a). Un Festival peculiar por muchos motivos, el principal,\u00a0 su escenario circular. M\u00e1s de 100 a\u00f1os le contemplan; por all\u00ed pasaron\" \/>\n<meta property=\"og:url\" content=\"https:\/\/www.lamarderuido.com\/en\/la-mar-de-ruido-2014\/\" \/>\n<meta property=\"og:site_name\" content=\"Festival La Mar de Ruido\" \/>\n<meta property=\"article:published_time\" content=\"2014-08-22T15:04:42+00:00\" \/>\n<meta property=\"article:modified_time\" content=\"2023-11-10T16:28:26+00:00\" \/>\n<meta property=\"og:image\" content=\"https:\/\/www.lamarderuido.com\/wp-content\/uploads\/2023\/09\/2014.jpg\" \/>\n\t<meta property=\"og:image:width\" content=\"857\" \/>\n\t<meta property=\"og:image:height\" content=\"1200\" \/>\n\t<meta property=\"og:image:type\" content=\"image\/jpeg\" \/>\n<meta name=\"author\" content=\"doominio\" \/>\n<meta name=\"twitter:card\" content=\"summary_large_image\" \/>\n<script type=\"application\/ld+json\" class=\"yoast-schema-graph\">{\"@context\":\"https:\\\/\\\/schema.org\",\"@graph\":[{\"@type\":\"Article\",\"@id\":\"https:\\\/\\\/www.lamarderuido.com\\\/la-mar-de-ruido-2014\\\/#article\",\"isPartOf\":{\"@id\":\"https:\\\/\\\/www.lamarderuido.com\\\/la-mar-de-ruido-2014\\\/\"},\"author\":{\"name\":\"doominio\",\"@id\":\"https:\\\/\\\/www.lamarderuido.com\\\/#\\\/schema\\\/person\\\/6ee60897fbb7fb4ad6634c73f4be87fa\"},\"headline\":\"La Mar de Ruido 2014\",\"datePublished\":\"2014-08-22T15:04:42+00:00\",\"dateModified\":\"2023-11-10T16:28:26+00:00\",\"mainEntityOfPage\":{\"@id\":\"https:\\\/\\\/www.lamarderuido.com\\\/la-mar-de-ruido-2014\\\/\"},\"wordCount\":278,\"publisher\":{\"@id\":\"https:\\\/\\\/www.lamarderuido.com\\\/#organization\"},\"image\":{\"@id\":\"https:\\\/\\\/www.lamarderuido.com\\\/la-mar-de-ruido-2014\\\/#primaryimage\"},\"thumbnailUrl\":\"https:\\\/\\\/www.lamarderuido.com\\\/wp-content\\\/uploads\\\/2023\\\/09\\\/2014.jpg\",\"articleSection\":[\"Festivales\"],\"inLanguage\":\"en-US\"},{\"@type\":\"WebPage\",\"@id\":\"https:\\\/\\\/www.lamarderuido.com\\\/la-mar-de-ruido-2014\\\/\",\"url\":\"https:\\\/\\\/www.lamarderuido.com\\\/la-mar-de-ruido-2014\\\/\",\"name\":\"La Mar de Ruido 2014 - Festival La Mar de Ruido\",\"isPartOf\":{\"@id\":\"https:\\\/\\\/www.lamarderuido.com\\\/#website\"},\"primaryImageOfPage\":{\"@id\":\"https:\\\/\\\/www.lamarderuido.com\\\/la-mar-de-ruido-2014\\\/#primaryimage\"},\"image\":{\"@id\":\"https:\\\/\\\/www.lamarderuido.com\\\/la-mar-de-ruido-2014\\\/#primaryimage\"},\"thumbnailUrl\":\"https:\\\/\\\/www.lamarderuido.com\\\/wp-content\\\/uploads\\\/2023\\\/09\\\/2014.jpg\",\"datePublished\":\"2014-08-22T15:04:42+00:00\",\"dateModified\":\"2023-11-10T16:28:26+00:00\",\"description\":\"Avil\u00e9s (Asturias-Espa\u00f1a). Un Festival peculiar por muchos motivos, el principal,\u00a0 su escenario circular. M\u00e1s de 100 a\u00f1os le contemplan; por all\u00ed pasaron\",\"breadcrumb\":{\"@id\":\"https:\\\/\\\/www.lamarderuido.com\\\/la-mar-de-ruido-2014\\\/#breadcrumb\"},\"inLanguage\":\"en-US\",\"potentialAction\":[{\"@type\":\"ReadAction\",\"target\":[\"https:\\\/\\\/www.lamarderuido.com\\\/la-mar-de-ruido-2014\\\/\"]}]},{\"@type\":\"ImageObject\",\"inLanguage\":\"en-US\",\"@id\":\"https:\\\/\\\/www.lamarderuido.com\\\/la-mar-de-ruido-2014\\\/#primaryimage\",\"url\":\"https:\\\/\\\/www.lamarderuido.com\\\/wp-content\\\/uploads\\\/2023\\\/09\\\/2014.jpg\",\"contentUrl\":\"https:\\\/\\\/www.lamarderuido.com\\\/wp-content\\\/uploads\\\/2023\\\/09\\\/2014.jpg\",\"width\":857,\"height\":1200,\"caption\":\"La Mar de Ruido - Cartel 2014\"},{\"@type\":\"BreadcrumbList\",\"@id\":\"https:\\\/\\\/www.lamarderuido.com\\\/la-mar-de-ruido-2014\\\/#breadcrumb\",\"itemListElement\":[{\"@type\":\"ListItem\",\"position\":1,\"name\":\"Inicio\",\"item\":\"https:\\\/\\\/www.lamarderuido.com\\\/\"},{\"@type\":\"ListItem\",\"position\":2,\"name\":\"La Mar de Ruido 2014\"}]},{\"@type\":\"WebSite\",\"@id\":\"https:\\\/\\\/www.lamarderuido.com\\\/#website\",\"url\":\"https:\\\/\\\/www.lamarderuido.com\\\/\",\"name\":\"Festival La Mar de Ruido\",\"description\":\"La Mar de Ruido, el festival m\u00e1s singular del verano en Asturias\",\"publisher\":{\"@id\":\"https:\\\/\\\/www.lamarderuido.com\\\/#organization\"},\"potentialAction\":[{\"@type\":\"SearchAction\",\"target\":{\"@type\":\"EntryPoint\",\"urlTemplate\":\"https:\\\/\\\/www.lamarderuido.com\\\/?s={search_term_string}\"},\"query-input\":{\"@type\":\"PropertyValueSpecification\",\"valueRequired\":true,\"valueName\":\"search_term_string\"}}],\"inLanguage\":\"en-US\"},{\"@type\":\"Organization\",\"@id\":\"https:\\\/\\\/www.lamarderuido.com\\\/#organization\",\"name\":\"La Mar de Ruido\",\"url\":\"https:\\\/\\\/www.lamarderuido.com\\\/\",\"logo\":{\"@type\":\"ImageObject\",\"inLanguage\":\"en-US\",\"@id\":\"https:\\\/\\\/www.lamarderuido.com\\\/#\\\/schema\\\/logo\\\/image\\\/\",\"url\":\"https:\\\/\\\/www.lamarderuido.com\\\/wp-content\\\/uploads\\\/2023\\\/08\\\/cropped-favicon.png\",\"contentUrl\":\"https:\\\/\\\/www.lamarderuido.com\\\/wp-content\\\/uploads\\\/2023\\\/08\\\/cropped-favicon.png\",\"width\":512,\"height\":512,\"caption\":\"La Mar de Ruido\"},\"image\":{\"@id\":\"https:\\\/\\\/www.lamarderuido.com\\\/#\\\/schema\\\/logo\\\/image\\\/\"}},{\"@type\":\"Person\",\"@id\":\"https:\\\/\\\/www.lamarderuido.com\\\/#\\\/schema\\\/person\\\/6ee60897fbb7fb4ad6634c73f4be87fa\",\"name\":\"doominio\",\"sameAs\":[\"https:\\\/\\\/www.lamarderuido.com\"]}]}<\/script>\n<!-- \/ Yoast SEO plugin. -->","yoast_head_json":{"title":"La Mar de Ruido 2014 - La Mar de Ruido Festival","description":"Avil\u00e9s (Asturias-Spain). A peculiar Festival for many reasons, the main one being its circular stage. More than 100 years contemplate him; they passed by","robots":{"index":"index","follow":"follow","max-snippet":"max-snippet:-1","max-image-preview":"max-image-preview:large","max-video-preview":"max-video-preview:-1"},"canonical":"https:\/\/www.lamarderuido.com\/en\/la-mar-de-ruido-2014\/","og_locale":"en_US","og_type":"article","og_title":"La Mar de Ruido 2014 - Festival La Mar de Ruido","og_description":"Avil\u00e9s (Asturias-Espa\u00f1a). Un Festival peculiar por muchos motivos, el principal,\u00a0 su escenario circular. M\u00e1s de 100 a\u00f1os le contemplan; por all\u00ed pasaron","og_url":"https:\/\/www.lamarderuido.com\/en\/la-mar-de-ruido-2014\/","og_site_name":"Festival La Mar de Ruido","article_published_time":"2014-08-22T15:04:42+00:00","article_modified_time":"2023-11-10T16:28:26+00:00","og_image":[{"width":857,"height":1200,"url":"https:\/\/www.lamarderuido.com\/wp-content\/uploads\/2023\/09\/2014.jpg","type":"image\/jpeg"}],"author":"doominio","twitter_card":"summary_large_image","schema":{"@context":"https:\/\/schema.org","@graph":[{"@type":"Article","@id":"https:\/\/www.lamarderuido.com\/la-mar-de-ruido-2014\/#article","isPartOf":{"@id":"https:\/\/www.lamarderuido.com\/la-mar-de-ruido-2014\/"},"author":{"name":"doominio","@id":"https:\/\/www.lamarderuido.com\/#\/schema\/person\/6ee60897fbb7fb4ad6634c73f4be87fa"},"headline":"La Mar de Ruido 2014","datePublished":"2014-08-22T15:04:42+00:00","dateModified":"2023-11-10T16:28:26+00:00","mainEntityOfPage":{"@id":"https:\/\/www.lamarderuido.com\/la-mar-de-ruido-2014\/"},"wordCount":278,"publisher":{"@id":"https:\/\/www.lamarderuido.com\/#organization"},"image":{"@id":"https:\/\/www.lamarderuido.com\/la-mar-de-ruido-2014\/#primaryimage"},"thumbnailUrl":"https:\/\/www.lamarderuido.com\/wp-content\/uploads\/2023\/09\/2014.jpg","articleSection":["Festivales"],"inLanguage":"en-US"},{"@type":"WebPage","@id":"https:\/\/www.lamarderuido.com\/la-mar-de-ruido-2014\/","url":"https:\/\/www.lamarderuido.com\/la-mar-de-ruido-2014\/","name":"La Mar de Ruido 2014 - La Mar de Ruido Festival","isPartOf":{"@id":"https:\/\/www.lamarderuido.com\/#website"},"primaryImageOfPage":{"@id":"https:\/\/www.lamarderuido.com\/la-mar-de-ruido-2014\/#primaryimage"},"image":{"@id":"https:\/\/www.lamarderuido.com\/la-mar-de-ruido-2014\/#primaryimage"},"thumbnailUrl":"https:\/\/www.lamarderuido.com\/wp-content\/uploads\/2023\/09\/2014.jpg","datePublished":"2014-08-22T15:04:42+00:00","dateModified":"2023-11-10T16:28:26+00:00","description":"Avil\u00e9s (Asturias-Spain). A peculiar Festival for many reasons, the main one being its circular stage. More than 100 years contemplate him; they passed by","breadcrumb":{"@id":"https:\/\/www.lamarderuido.com\/la-mar-de-ruido-2014\/#breadcrumb"},"inLanguage":"en-US","potentialAction":[{"@type":"ReadAction","target":["https:\/\/www.lamarderuido.com\/la-mar-de-ruido-2014\/"]}]},{"@type":"ImageObject","inLanguage":"en-US","@id":"https:\/\/www.lamarderuido.com\/la-mar-de-ruido-2014\/#primaryimage","url":"https:\/\/www.lamarderuido.com\/wp-content\/uploads\/2023\/09\/2014.jpg","contentUrl":"https:\/\/www.lamarderuido.com\/wp-content\/uploads\/2023\/09\/2014.jpg","width":857,"height":1200,"caption":"La Mar de Ruido - Cartel 2014"},{"@type":"BreadcrumbList","@id":"https:\/\/www.lamarderuido.com\/la-mar-de-ruido-2014\/#breadcrumb","itemListElement":[{"@type":"ListItem","position":1,"name":"Inicio","item":"https:\/\/www.lamarderuido.com\/"},{"@type":"ListItem","position":2,"name":"La Mar de Ruido 2014"}]},{"@type":"WebSite","@id":"https:\/\/www.lamarderuido.com\/#website","url":"https:\/\/www.lamarderuido.com\/","name":"La Mar de Ruido Festival","description":"La Mar de Ruido, the most unique summer festival in Asturias","publisher":{"@id":"https:\/\/www.lamarderuido.com\/#organization"},"potentialAction":[{"@type":"SearchAction","target":{"@type":"EntryPoint","urlTemplate":"https:\/\/www.lamarderuido.com\/?s={search_term_string}"},"query-input":{"@type":"PropertyValueSpecification","valueRequired":true,"valueName":"search_term_string"}}],"inLanguage":"en-US"},{"@type":"Organization","@id":"https:\/\/www.lamarderuido.com\/#organization","name":"La Mar de Ruido","url":"https:\/\/www.lamarderuido.com\/","logo":{"@type":"ImageObject","inLanguage":"en-US","@id":"https:\/\/www.lamarderuido.com\/#\/schema\/logo\/image\/","url":"https:\/\/www.lamarderuido.com\/wp-content\/uploads\/2023\/08\/cropped-favicon.png","contentUrl":"https:\/\/www.lamarderuido.com\/wp-content\/uploads\/2023\/08\/cropped-favicon.png","width":512,"height":512,"caption":"La Mar de Ruido"},"image":{"@id":"https:\/\/www.lamarderuido.com\/#\/schema\/logo\/image\/"}},{"@type":"Person","@id":"https:\/\/www.lamarderuido.com\/#\/schema\/person\/6ee60897fbb7fb4ad6634c73f4be87fa","name":"doominio","sameAs":["https:\/\/www.lamarderuido.com"]}]}},"_links":{"self":[{"href":"https:\/\/www.lamarderuido.com\/en\/wp-json\/wp\/v2\/posts\/1052","targetHints":{"allow":["GET"]}}],"collection":[{"href":"https:\/\/www.lamarderuido.com\/en\/wp-json\/wp\/v2\/posts"}],"about":[{"href":"https:\/\/www.lamarderuido.com\/en\/wp-json\/wp\/v2\/types\/post"}],"author":[{"embeddable":true,"href":"https:\/\/www.lamarderuido.com\/en\/wp-json\/wp\/v2\/users\/1"}],"replies":[{"embeddable":true,"href":"https:\/\/www.lamarderuido.com\/en\/wp-json\/wp\/v2\/comments?post=1052"}],"version-history":[{"count":1,"href":"https:\/\/www.lamarderuido.com\/en\/wp-json\/wp\/v2\/posts\/1052\/revisions"}],"predecessor-version":[{"id":1053,"href":"https:\/\/www.lamarderuido.com\/en\/wp-json\/wp\/v2\/posts\/1052\/revisions\/1053"}],"wp:featuredmedia":[{"embeddable":true,"href":"https:\/\/www.lamarderuido.com\/en\/wp-json\/wp\/v2\/media\/955"}],"wp:attachment":[{"href":"https:\/\/www.lamarderuido.com\/en\/wp-json\/wp\/v2\/media?parent=1052"}],"wp:term":[{"taxonomy":"category","embeddable":true,"href":"https:\/\/www.lamarderuido.com\/en\/wp-json\/wp\/v2\/categories?post=1052"},{"taxonomy":"post_tag","embeddable":true,"href":"https:\/\/www.lamarderuido.com\/en\/wp-json\/wp\/v2\/tags?post=1052"}],"curies":[{"name":"wp","href":"https:\/\/api.w.org\/{rel}","templated":true}]}}