{"id":1048,"date":"2012-08-24T16:55:50","date_gmt":"2012-08-24T14:55:50","guid":{"rendered":"https:\/\/www.lamarderuido.com\/?p=1048"},"modified":"2023-11-10T17:28:58","modified_gmt":"2023-11-10T16:28:58","slug":"la-mar-de-ruido-2012","status":"publish","type":"post","link":"https:\/\/www.lamarderuido.com\/en\/la-mar-de-ruido-2012\/","title":{"rendered":"La Mar de Ruido 2012"},"content":{"rendered":"<p style=\"font-weight: 400;\">The 2012 edition was undoubtedly the most Asturian in recent years. That didn&#039;t make her any less talented. Quite the opposite.<\/p>\n<p style=\"font-weight: 400;\">More than 5,000 people passed through the Parque del Muelle to see and enjoy Igor Paskual, Rafa Kas Band, Bloody Mary and Los Platillos Volantes, in a day in which Asturian rock, young but veteran, showed all its power.<\/p>\n<p style=\"font-weight: 400;\">On Saturday it was veterans of Asturian rock, tremendously rejuvenated, who took over. The Parque del Muelle hosted the largest crowd in its recent history. Los Stukas, Los Linces, Los Juniors\u2026rock from the 60s for several generations.<\/p>\n<p style=\"font-weight: 400;\">Exit.<\/p>","protected":false},"excerpt":{"rendered":"<p>La edicici\u00f3n 2012 fue sin duda la m\u00e1s asturiana de los \u00faltimos a\u00f1os. No por eso fue menos talentosa. Todo lo contrario. M\u00e0s de 5.000 personas se pasaron por el Parque del Muelle para ver y disfrutar de Igor Paskual, Rafa Kas Band, Bloody Mary y Los Platillos Volantes, en una jornada en la que [&hellip;]<\/p>\n","protected":false},"author":1,"featured_media":953,"comment_status":"closed","ping_status":"closed","sticky":false,"template":"","format":"standard","meta":{"_acf_changed":false,"footnotes":""},"categories":[33],"tags":[],"class_list":["post-1048","post","type-post","status-publish","format-standard","has-post-thumbnail","hentry","category-festivales"],"acf":[],"yoast_head":"<!-- This site is optimized with the Yoast SEO plugin v27.4 - https:\/\/yoast.com\/product\/yoast-seo-wordpress\/ -->\n<title>La Mar de Ruido 2012 - Festival La Mar de Ruido<\/title>\n<meta name=\"description\" content=\"La edicici\u00f3n 2012 fue sin duda la m\u00e1s asturiana de los \u00faltimos a\u00f1os. No por eso fue menos talentosa. Todo lo contrario. M\u00e0s de 5.000 personas se pasaron\" \/>\n<meta name=\"robots\" content=\"index, follow, max-snippet:-1, max-image-preview:large, max-video-preview:-1\" \/>\n<link rel=\"canonical\" href=\"https:\/\/www.lamarderuido.com\/en\/la-mar-de-ruido-2012\/\" \/>\n<meta property=\"og:locale\" content=\"en_US\" \/>\n<meta property=\"og:type\" content=\"article\" \/>\n<meta property=\"og:title\" content=\"La Mar de Ruido 2012 - Festival La Mar de Ruido\" \/>\n<meta property=\"og:description\" content=\"La edicici\u00f3n 2012 fue sin duda la m\u00e1s asturiana de los \u00faltimos a\u00f1os. No por eso fue menos talentosa. Todo lo contrario. M\u00e0s de 5.000 personas se pasaron\" \/>\n<meta property=\"og:url\" content=\"https:\/\/www.lamarderuido.com\/en\/la-mar-de-ruido-2012\/\" \/>\n<meta property=\"og:site_name\" content=\"Festival La Mar de Ruido\" \/>\n<meta property=\"article:published_time\" content=\"2012-08-24T14:55:50+00:00\" \/>\n<meta property=\"article:modified_time\" content=\"2023-11-10T16:28:58+00:00\" \/>\n<meta property=\"og:image\" content=\"https:\/\/www.lamarderuido.com\/wp-content\/uploads\/2023\/09\/2012.jpg\" \/>\n\t<meta property=\"og:image:width\" content=\"848\" \/>\n\t<meta property=\"og:image:height\" content=\"1200\" \/>\n\t<meta property=\"og:image:type\" content=\"image\/jpeg\" \/>\n<meta name=\"author\" content=\"doominio\" \/>\n<meta name=\"twitter:card\" content=\"summary_large_image\" \/>\n<script type=\"application\/ld+json\" class=\"yoast-schema-graph\">{\"@context\":\"https:\\\/\\\/schema.org\",\"@graph\":[{\"@type\":\"Article\",\"@id\":\"https:\\\/\\\/www.lamarderuido.com\\\/la-mar-de-ruido-2012\\\/#article\",\"isPartOf\":{\"@id\":\"https:\\\/\\\/www.lamarderuido.com\\\/la-mar-de-ruido-2012\\\/\"},\"author\":{\"name\":\"doominio\",\"@id\":\"https:\\\/\\\/www.lamarderuido.com\\\/#\\\/schema\\\/person\\\/6ee60897fbb7fb4ad6634c73f4be87fa\"},\"headline\":\"La Mar de Ruido 2012\",\"datePublished\":\"2012-08-24T14:55:50+00:00\",\"dateModified\":\"2023-11-10T16:28:58+00:00\",\"mainEntityOfPage\":{\"@id\":\"https:\\\/\\\/www.lamarderuido.com\\\/la-mar-de-ruido-2012\\\/\"},\"wordCount\":112,\"publisher\":{\"@id\":\"https:\\\/\\\/www.lamarderuido.com\\\/#organization\"},\"image\":{\"@id\":\"https:\\\/\\\/www.lamarderuido.com\\\/la-mar-de-ruido-2012\\\/#primaryimage\"},\"thumbnailUrl\":\"https:\\\/\\\/www.lamarderuido.com\\\/wp-content\\\/uploads\\\/2023\\\/09\\\/2012.jpg\",\"articleSection\":[\"Festivales\"],\"inLanguage\":\"en-US\"},{\"@type\":\"WebPage\",\"@id\":\"https:\\\/\\\/www.lamarderuido.com\\\/la-mar-de-ruido-2012\\\/\",\"url\":\"https:\\\/\\\/www.lamarderuido.com\\\/la-mar-de-ruido-2012\\\/\",\"name\":\"La Mar de Ruido 2012 - Festival La Mar de Ruido\",\"isPartOf\":{\"@id\":\"https:\\\/\\\/www.lamarderuido.com\\\/#website\"},\"primaryImageOfPage\":{\"@id\":\"https:\\\/\\\/www.lamarderuido.com\\\/la-mar-de-ruido-2012\\\/#primaryimage\"},\"image\":{\"@id\":\"https:\\\/\\\/www.lamarderuido.com\\\/la-mar-de-ruido-2012\\\/#primaryimage\"},\"thumbnailUrl\":\"https:\\\/\\\/www.lamarderuido.com\\\/wp-content\\\/uploads\\\/2023\\\/09\\\/2012.jpg\",\"datePublished\":\"2012-08-24T14:55:50+00:00\",\"dateModified\":\"2023-11-10T16:28:58+00:00\",\"description\":\"La edicici\u00f3n 2012 fue sin duda la m\u00e1s asturiana de los \u00faltimos a\u00f1os. No por eso fue menos talentosa. Todo lo contrario. M\u00e0s de 5.000 personas se pasaron\",\"breadcrumb\":{\"@id\":\"https:\\\/\\\/www.lamarderuido.com\\\/la-mar-de-ruido-2012\\\/#breadcrumb\"},\"inLanguage\":\"en-US\",\"potentialAction\":[{\"@type\":\"ReadAction\",\"target\":[\"https:\\\/\\\/www.lamarderuido.com\\\/la-mar-de-ruido-2012\\\/\"]}]},{\"@type\":\"ImageObject\",\"inLanguage\":\"en-US\",\"@id\":\"https:\\\/\\\/www.lamarderuido.com\\\/la-mar-de-ruido-2012\\\/#primaryimage\",\"url\":\"https:\\\/\\\/www.lamarderuido.com\\\/wp-content\\\/uploads\\\/2023\\\/09\\\/2012.jpg\",\"contentUrl\":\"https:\\\/\\\/www.lamarderuido.com\\\/wp-content\\\/uploads\\\/2023\\\/09\\\/2012.jpg\",\"width\":848,\"height\":1200,\"caption\":\"La Mar de Ruido - Cartel 2012\"},{\"@type\":\"BreadcrumbList\",\"@id\":\"https:\\\/\\\/www.lamarderuido.com\\\/la-mar-de-ruido-2012\\\/#breadcrumb\",\"itemListElement\":[{\"@type\":\"ListItem\",\"position\":1,\"name\":\"Inicio\",\"item\":\"https:\\\/\\\/www.lamarderuido.com\\\/\"},{\"@type\":\"ListItem\",\"position\":2,\"name\":\"La Mar de Ruido 2012\"}]},{\"@type\":\"WebSite\",\"@id\":\"https:\\\/\\\/www.lamarderuido.com\\\/#website\",\"url\":\"https:\\\/\\\/www.lamarderuido.com\\\/\",\"name\":\"Festival La Mar de Ruido\",\"description\":\"La Mar de Ruido, el festival m\u00e1s singular del verano en Asturias\",\"publisher\":{\"@id\":\"https:\\\/\\\/www.lamarderuido.com\\\/#organization\"},\"potentialAction\":[{\"@type\":\"SearchAction\",\"target\":{\"@type\":\"EntryPoint\",\"urlTemplate\":\"https:\\\/\\\/www.lamarderuido.com\\\/?s={search_term_string}\"},\"query-input\":{\"@type\":\"PropertyValueSpecification\",\"valueRequired\":true,\"valueName\":\"search_term_string\"}}],\"inLanguage\":\"en-US\"},{\"@type\":\"Organization\",\"@id\":\"https:\\\/\\\/www.lamarderuido.com\\\/#organization\",\"name\":\"La Mar de Ruido\",\"url\":\"https:\\\/\\\/www.lamarderuido.com\\\/\",\"logo\":{\"@type\":\"ImageObject\",\"inLanguage\":\"en-US\",\"@id\":\"https:\\\/\\\/www.lamarderuido.com\\\/#\\\/schema\\\/logo\\\/image\\\/\",\"url\":\"https:\\\/\\\/www.lamarderuido.com\\\/wp-content\\\/uploads\\\/2023\\\/08\\\/cropped-favicon.png\",\"contentUrl\":\"https:\\\/\\\/www.lamarderuido.com\\\/wp-content\\\/uploads\\\/2023\\\/08\\\/cropped-favicon.png\",\"width\":512,\"height\":512,\"caption\":\"La Mar de Ruido\"},\"image\":{\"@id\":\"https:\\\/\\\/www.lamarderuido.com\\\/#\\\/schema\\\/logo\\\/image\\\/\"}},{\"@type\":\"Person\",\"@id\":\"https:\\\/\\\/www.lamarderuido.com\\\/#\\\/schema\\\/person\\\/6ee60897fbb7fb4ad6634c73f4be87fa\",\"name\":\"doominio\",\"sameAs\":[\"https:\\\/\\\/www.lamarderuido.com\"]}]}<\/script>\n<!-- \/ Yoast SEO plugin. -->","yoast_head_json":{"title":"La Mar de Ruido 2012 - La Mar de Ruido Festival","description":"The 2012 edition was undoubtedly the most Asturian in recent years. That didn&#039;t make her any less talented. Quite the opposite. More than 5,000 people came","robots":{"index":"index","follow":"follow","max-snippet":"max-snippet:-1","max-image-preview":"max-image-preview:large","max-video-preview":"max-video-preview:-1"},"canonical":"https:\/\/www.lamarderuido.com\/en\/la-mar-de-ruido-2012\/","og_locale":"en_US","og_type":"article","og_title":"La Mar de Ruido 2012 - Festival La Mar de Ruido","og_description":"La edicici\u00f3n 2012 fue sin duda la m\u00e1s asturiana de los \u00faltimos a\u00f1os. No por eso fue menos talentosa. Todo lo contrario. M\u00e0s de 5.000 personas se pasaron","og_url":"https:\/\/www.lamarderuido.com\/en\/la-mar-de-ruido-2012\/","og_site_name":"Festival La Mar de Ruido","article_published_time":"2012-08-24T14:55:50+00:00","article_modified_time":"2023-11-10T16:28:58+00:00","og_image":[{"width":848,"height":1200,"url":"https:\/\/www.lamarderuido.com\/wp-content\/uploads\/2023\/09\/2012.jpg","type":"image\/jpeg"}],"author":"doominio","twitter_card":"summary_large_image","schema":{"@context":"https:\/\/schema.org","@graph":[{"@type":"Article","@id":"https:\/\/www.lamarderuido.com\/la-mar-de-ruido-2012\/#article","isPartOf":{"@id":"https:\/\/www.lamarderuido.com\/la-mar-de-ruido-2012\/"},"author":{"name":"doominio","@id":"https:\/\/www.lamarderuido.com\/#\/schema\/person\/6ee60897fbb7fb4ad6634c73f4be87fa"},"headline":"La Mar de Ruido 2012","datePublished":"2012-08-24T14:55:50+00:00","dateModified":"2023-11-10T16:28:58+00:00","mainEntityOfPage":{"@id":"https:\/\/www.lamarderuido.com\/la-mar-de-ruido-2012\/"},"wordCount":112,"publisher":{"@id":"https:\/\/www.lamarderuido.com\/#organization"},"image":{"@id":"https:\/\/www.lamarderuido.com\/la-mar-de-ruido-2012\/#primaryimage"},"thumbnailUrl":"https:\/\/www.lamarderuido.com\/wp-content\/uploads\/2023\/09\/2012.jpg","articleSection":["Festivales"],"inLanguage":"en-US"},{"@type":"WebPage","@id":"https:\/\/www.lamarderuido.com\/la-mar-de-ruido-2012\/","url":"https:\/\/www.lamarderuido.com\/la-mar-de-ruido-2012\/","name":"La Mar de Ruido 2012 - La Mar de Ruido Festival","isPartOf":{"@id":"https:\/\/www.lamarderuido.com\/#website"},"primaryImageOfPage":{"@id":"https:\/\/www.lamarderuido.com\/la-mar-de-ruido-2012\/#primaryimage"},"image":{"@id":"https:\/\/www.lamarderuido.com\/la-mar-de-ruido-2012\/#primaryimage"},"thumbnailUrl":"https:\/\/www.lamarderuido.com\/wp-content\/uploads\/2023\/09\/2012.jpg","datePublished":"2012-08-24T14:55:50+00:00","dateModified":"2023-11-10T16:28:58+00:00","description":"The 2012 edition was undoubtedly the most Asturian in recent years. That didn&#039;t make her any less talented. Quite the opposite. More than 5,000 people came","breadcrumb":{"@id":"https:\/\/www.lamarderuido.com\/la-mar-de-ruido-2012\/#breadcrumb"},"inLanguage":"en-US","potentialAction":[{"@type":"ReadAction","target":["https:\/\/www.lamarderuido.com\/la-mar-de-ruido-2012\/"]}]},{"@type":"ImageObject","inLanguage":"en-US","@id":"https:\/\/www.lamarderuido.com\/la-mar-de-ruido-2012\/#primaryimage","url":"https:\/\/www.lamarderuido.com\/wp-content\/uploads\/2023\/09\/2012.jpg","contentUrl":"https:\/\/www.lamarderuido.com\/wp-content\/uploads\/2023\/09\/2012.jpg","width":848,"height":1200,"caption":"La Mar de Ruido - Cartel 2012"},{"@type":"BreadcrumbList","@id":"https:\/\/www.lamarderuido.com\/la-mar-de-ruido-2012\/#breadcrumb","itemListElement":[{"@type":"ListItem","position":1,"name":"Inicio","item":"https:\/\/www.lamarderuido.com\/"},{"@type":"ListItem","position":2,"name":"La Mar de Ruido 2012"}]},{"@type":"WebSite","@id":"https:\/\/www.lamarderuido.com\/#website","url":"https:\/\/www.lamarderuido.com\/","name":"La Mar de Ruido Festival","description":"La Mar de Ruido, the most unique summer festival in Asturias","publisher":{"@id":"https:\/\/www.lamarderuido.com\/#organization"},"potentialAction":[{"@type":"SearchAction","target":{"@type":"EntryPoint","urlTemplate":"https:\/\/www.lamarderuido.com\/?s={search_term_string}"},"query-input":{"@type":"PropertyValueSpecification","valueRequired":true,"valueName":"search_term_string"}}],"inLanguage":"en-US"},{"@type":"Organization","@id":"https:\/\/www.lamarderuido.com\/#organization","name":"La Mar de Ruido","url":"https:\/\/www.lamarderuido.com\/","logo":{"@type":"ImageObject","inLanguage":"en-US","@id":"https:\/\/www.lamarderuido.com\/#\/schema\/logo\/image\/","url":"https:\/\/www.lamarderuido.com\/wp-content\/uploads\/2023\/08\/cropped-favicon.png","contentUrl":"https:\/\/www.lamarderuido.com\/wp-content\/uploads\/2023\/08\/cropped-favicon.png","width":512,"height":512,"caption":"La Mar de Ruido"},"image":{"@id":"https:\/\/www.lamarderuido.com\/#\/schema\/logo\/image\/"}},{"@type":"Person","@id":"https:\/\/www.lamarderuido.com\/#\/schema\/person\/6ee60897fbb7fb4ad6634c73f4be87fa","name":"doominio","sameAs":["https:\/\/www.lamarderuido.com"]}]}},"_links":{"self":[{"href":"https:\/\/www.lamarderuido.com\/en\/wp-json\/wp\/v2\/posts\/1048","targetHints":{"allow":["GET"]}}],"collection":[{"href":"https:\/\/www.lamarderuido.com\/en\/wp-json\/wp\/v2\/posts"}],"about":[{"href":"https:\/\/www.lamarderuido.com\/en\/wp-json\/wp\/v2\/types\/post"}],"author":[{"embeddable":true,"href":"https:\/\/www.lamarderuido.com\/en\/wp-json\/wp\/v2\/users\/1"}],"replies":[{"embeddable":true,"href":"https:\/\/www.lamarderuido.com\/en\/wp-json\/wp\/v2\/comments?post=1048"}],"version-history":[{"count":2,"href":"https:\/\/www.lamarderuido.com\/en\/wp-json\/wp\/v2\/posts\/1048\/revisions"}],"predecessor-version":[{"id":1506,"href":"https:\/\/www.lamarderuido.com\/en\/wp-json\/wp\/v2\/posts\/1048\/revisions\/1506"}],"wp:featuredmedia":[{"embeddable":true,"href":"https:\/\/www.lamarderuido.com\/en\/wp-json\/wp\/v2\/media\/953"}],"wp:attachment":[{"href":"https:\/\/www.lamarderuido.com\/en\/wp-json\/wp\/v2\/media?parent=1048"}],"wp:term":[{"taxonomy":"category","embeddable":true,"href":"https:\/\/www.lamarderuido.com\/en\/wp-json\/wp\/v2\/categories?post=1048"},{"taxonomy":"post_tag","embeddable":true,"href":"https:\/\/www.lamarderuido.com\/en\/wp-json\/wp\/v2\/tags?post=1048"}],"curies":[{"name":"wp","href":"https:\/\/api.w.org\/{rel}","templated":true}]}}