{"id":1000,"date":"2005-08-12T13:34:46","date_gmt":"2005-08-12T11:34:46","guid":{"rendered":"https:\/\/www.lamarderuido.com\/?p=1000"},"modified":"2023-11-10T17:31:08","modified_gmt":"2023-11-10T16:31:08","slug":"la-mar-de-ruido-2005","status":"publish","type":"post","link":"https:\/\/www.lamarderuido.com\/en\/la-mar-de-ruido-2005\/","title":{"rendered":"La Mar de Ruido 2005"},"content":{"rendered":"<div>\n<p>I write the text 12 years later. I&#039;m not at all clear about what that edition was like. It was the first of an idea, of a festival, which I didn&#039;t even call a Festival. The bands that participated were all from Avil\u00e9s and the rest from Asturias. The truth is that the production was quite anecdotal. We used the lower part of the stage as dressing rooms - for those who don&#039;t know, our Festival takes place in an old circular bandstand - and there the musicians changed shirts between scythes, rakes, brooms, water hoses, and lawnmower\u2026.. That did have merit.<\/p>\n<\/div>\n<div>\n<p>The bar we set up was a beach gazebo. There was nothing for more, neither for carp, nor milk. And on top of that it rained a little. Of course, the people who came had a great time. It was a new event in the city and those closest to this are always the musicians&#039; friends, not the musicians, especially if they don&#039;t play...<\/p>\n<\/div>\n<div>\n<p>The fact is that it was a baptism that the press deigned to comment on, briefly, as if tiptoeing around. For me, it was a tremendously humbling experience.<\/p>\n<\/div>","protected":false},"excerpt":{"rendered":"<p>Escribo el texto 12 a\u00f1os despu\u00e9s. No tengo nada claro como fue aquella edici\u00f3n. Era la primera de una idea, de un festival, al que ni llam\u00e9 Festival. las bandas que participaron fueron todas de Avil\u00e9s y resto e Asturias. Lo cierto es que la producci\u00f3n fue bastante anecd\u00f3tica. Usamos de camerinos, los bajos del [&hellip;]<\/p>\n","protected":false},"author":1,"featured_media":946,"comment_status":"closed","ping_status":"closed","sticky":false,"template":"","format":"standard","meta":{"_acf_changed":false,"footnotes":""},"categories":[33],"tags":[],"class_list":["post-1000","post","type-post","status-publish","format-standard","has-post-thumbnail","hentry","category-festivales"],"acf":[],"yoast_head":"<!-- This site is optimized with the Yoast SEO plugin v27.4 - https:\/\/yoast.com\/product\/yoast-seo-wordpress\/ -->\n<title>La Mar de Ruido 2005 - Festival La Mar de Ruido<\/title>\n<meta name=\"description\" content=\"Escribo el texto 12 a\u00f1os despu\u00e9s. No tengo nada claro como fue aquella edici\u00f3n. Era la primera de una idea, de un festival, al que ni llam\u00e9 Festival. las\" \/>\n<meta name=\"robots\" content=\"index, follow, max-snippet:-1, max-image-preview:large, max-video-preview:-1\" \/>\n<link rel=\"canonical\" href=\"https:\/\/www.lamarderuido.com\/en\/la-mar-de-ruido-2005\/\" \/>\n<meta property=\"og:locale\" content=\"en_US\" \/>\n<meta property=\"og:type\" content=\"article\" \/>\n<meta property=\"og:title\" content=\"La Mar de Ruido 2005 - Festival La Mar de Ruido\" \/>\n<meta property=\"og:description\" content=\"Escribo el texto 12 a\u00f1os despu\u00e9s. No tengo nada claro como fue aquella edici\u00f3n. Era la primera de una idea, de un festival, al que ni llam\u00e9 Festival. las\" \/>\n<meta property=\"og:url\" content=\"https:\/\/www.lamarderuido.com\/en\/la-mar-de-ruido-2005\/\" \/>\n<meta property=\"og:site_name\" content=\"Festival La Mar de Ruido\" \/>\n<meta property=\"article:published_time\" content=\"2005-08-12T11:34:46+00:00\" \/>\n<meta property=\"article:modified_time\" content=\"2023-11-10T16:31:08+00:00\" \/>\n<meta property=\"og:image\" content=\"https:\/\/www.lamarderuido.com\/wp-content\/uploads\/2023\/09\/2005.jpg\" \/>\n\t<meta property=\"og:image:width\" content=\"869\" \/>\n\t<meta property=\"og:image:height\" content=\"1200\" \/>\n\t<meta property=\"og:image:type\" content=\"image\/jpeg\" \/>\n<meta name=\"author\" content=\"doominio\" \/>\n<meta name=\"twitter:card\" content=\"summary_large_image\" \/>\n<script type=\"application\/ld+json\" class=\"yoast-schema-graph\">{\"@context\":\"https:\\\/\\\/schema.org\",\"@graph\":[{\"@type\":\"Article\",\"@id\":\"https:\\\/\\\/www.lamarderuido.com\\\/la-mar-de-ruido-2005\\\/#article\",\"isPartOf\":{\"@id\":\"https:\\\/\\\/www.lamarderuido.com\\\/la-mar-de-ruido-2005\\\/\"},\"author\":{\"name\":\"doominio\",\"@id\":\"https:\\\/\\\/www.lamarderuido.com\\\/#\\\/schema\\\/person\\\/6ee60897fbb7fb4ad6634c73f4be87fa\"},\"headline\":\"La Mar de Ruido 2005\",\"datePublished\":\"2005-08-12T11:34:46+00:00\",\"dateModified\":\"2023-11-10T16:31:08+00:00\",\"mainEntityOfPage\":{\"@id\":\"https:\\\/\\\/www.lamarderuido.com\\\/la-mar-de-ruido-2005\\\/\"},\"wordCount\":204,\"publisher\":{\"@id\":\"https:\\\/\\\/www.lamarderuido.com\\\/#organization\"},\"image\":{\"@id\":\"https:\\\/\\\/www.lamarderuido.com\\\/la-mar-de-ruido-2005\\\/#primaryimage\"},\"thumbnailUrl\":\"https:\\\/\\\/www.lamarderuido.com\\\/wp-content\\\/uploads\\\/2023\\\/09\\\/2005.jpg\",\"articleSection\":[\"Festivales\"],\"inLanguage\":\"en-US\"},{\"@type\":\"WebPage\",\"@id\":\"https:\\\/\\\/www.lamarderuido.com\\\/la-mar-de-ruido-2005\\\/\",\"url\":\"https:\\\/\\\/www.lamarderuido.com\\\/la-mar-de-ruido-2005\\\/\",\"name\":\"La Mar de Ruido 2005 - Festival La Mar de Ruido\",\"isPartOf\":{\"@id\":\"https:\\\/\\\/www.lamarderuido.com\\\/#website\"},\"primaryImageOfPage\":{\"@id\":\"https:\\\/\\\/www.lamarderuido.com\\\/la-mar-de-ruido-2005\\\/#primaryimage\"},\"image\":{\"@id\":\"https:\\\/\\\/www.lamarderuido.com\\\/la-mar-de-ruido-2005\\\/#primaryimage\"},\"thumbnailUrl\":\"https:\\\/\\\/www.lamarderuido.com\\\/wp-content\\\/uploads\\\/2023\\\/09\\\/2005.jpg\",\"datePublished\":\"2005-08-12T11:34:46+00:00\",\"dateModified\":\"2023-11-10T16:31:08+00:00\",\"description\":\"Escribo el texto 12 a\u00f1os despu\u00e9s. No tengo nada claro como fue aquella edici\u00f3n. Era la primera de una idea, de un festival, al que ni llam\u00e9 Festival. las\",\"breadcrumb\":{\"@id\":\"https:\\\/\\\/www.lamarderuido.com\\\/la-mar-de-ruido-2005\\\/#breadcrumb\"},\"inLanguage\":\"en-US\",\"potentialAction\":[{\"@type\":\"ReadAction\",\"target\":[\"https:\\\/\\\/www.lamarderuido.com\\\/la-mar-de-ruido-2005\\\/\"]}]},{\"@type\":\"ImageObject\",\"inLanguage\":\"en-US\",\"@id\":\"https:\\\/\\\/www.lamarderuido.com\\\/la-mar-de-ruido-2005\\\/#primaryimage\",\"url\":\"https:\\\/\\\/www.lamarderuido.com\\\/wp-content\\\/uploads\\\/2023\\\/09\\\/2005.jpg\",\"contentUrl\":\"https:\\\/\\\/www.lamarderuido.com\\\/wp-content\\\/uploads\\\/2023\\\/09\\\/2005.jpg\",\"width\":869,\"height\":1200,\"caption\":\"La Mar de Ruido - Cartel 2005\"},{\"@type\":\"BreadcrumbList\",\"@id\":\"https:\\\/\\\/www.lamarderuido.com\\\/la-mar-de-ruido-2005\\\/#breadcrumb\",\"itemListElement\":[{\"@type\":\"ListItem\",\"position\":1,\"name\":\"Inicio\",\"item\":\"https:\\\/\\\/www.lamarderuido.com\\\/\"},{\"@type\":\"ListItem\",\"position\":2,\"name\":\"La Mar de Ruido 2005\"}]},{\"@type\":\"WebSite\",\"@id\":\"https:\\\/\\\/www.lamarderuido.com\\\/#website\",\"url\":\"https:\\\/\\\/www.lamarderuido.com\\\/\",\"name\":\"Festival La Mar de Ruido\",\"description\":\"La Mar de Ruido, el festival m\u00e1s singular del verano en Asturias\",\"publisher\":{\"@id\":\"https:\\\/\\\/www.lamarderuido.com\\\/#organization\"},\"potentialAction\":[{\"@type\":\"SearchAction\",\"target\":{\"@type\":\"EntryPoint\",\"urlTemplate\":\"https:\\\/\\\/www.lamarderuido.com\\\/?s={search_term_string}\"},\"query-input\":{\"@type\":\"PropertyValueSpecification\",\"valueRequired\":true,\"valueName\":\"search_term_string\"}}],\"inLanguage\":\"en-US\"},{\"@type\":\"Organization\",\"@id\":\"https:\\\/\\\/www.lamarderuido.com\\\/#organization\",\"name\":\"La Mar de Ruido\",\"url\":\"https:\\\/\\\/www.lamarderuido.com\\\/\",\"logo\":{\"@type\":\"ImageObject\",\"inLanguage\":\"en-US\",\"@id\":\"https:\\\/\\\/www.lamarderuido.com\\\/#\\\/schema\\\/logo\\\/image\\\/\",\"url\":\"https:\\\/\\\/www.lamarderuido.com\\\/wp-content\\\/uploads\\\/2023\\\/08\\\/cropped-favicon.png\",\"contentUrl\":\"https:\\\/\\\/www.lamarderuido.com\\\/wp-content\\\/uploads\\\/2023\\\/08\\\/cropped-favicon.png\",\"width\":512,\"height\":512,\"caption\":\"La Mar de Ruido\"},\"image\":{\"@id\":\"https:\\\/\\\/www.lamarderuido.com\\\/#\\\/schema\\\/logo\\\/image\\\/\"}},{\"@type\":\"Person\",\"@id\":\"https:\\\/\\\/www.lamarderuido.com\\\/#\\\/schema\\\/person\\\/6ee60897fbb7fb4ad6634c73f4be87fa\",\"name\":\"doominio\",\"sameAs\":[\"https:\\\/\\\/www.lamarderuido.com\"]}]}<\/script>\n<!-- \/ Yoast SEO plugin. -->","yoast_head_json":{"title":"La Mar de Ruido 2005 - La Mar de Ruido Festival","description":"I write the text 12 years later. I&#039;m not at all clear about what that edition was like. It was the first of an idea, of a festival, which I didn&#039;t even call a Festival. the","robots":{"index":"index","follow":"follow","max-snippet":"max-snippet:-1","max-image-preview":"max-image-preview:large","max-video-preview":"max-video-preview:-1"},"canonical":"https:\/\/www.lamarderuido.com\/en\/la-mar-de-ruido-2005\/","og_locale":"en_US","og_type":"article","og_title":"La Mar de Ruido 2005 - Festival La Mar de Ruido","og_description":"Escribo el texto 12 a\u00f1os despu\u00e9s. No tengo nada claro como fue aquella edici\u00f3n. Era la primera de una idea, de un festival, al que ni llam\u00e9 Festival. las","og_url":"https:\/\/www.lamarderuido.com\/en\/la-mar-de-ruido-2005\/","og_site_name":"Festival La Mar de Ruido","article_published_time":"2005-08-12T11:34:46+00:00","article_modified_time":"2023-11-10T16:31:08+00:00","og_image":[{"width":869,"height":1200,"url":"https:\/\/www.lamarderuido.com\/wp-content\/uploads\/2023\/09\/2005.jpg","type":"image\/jpeg"}],"author":"doominio","twitter_card":"summary_large_image","schema":{"@context":"https:\/\/schema.org","@graph":[{"@type":"Article","@id":"https:\/\/www.lamarderuido.com\/la-mar-de-ruido-2005\/#article","isPartOf":{"@id":"https:\/\/www.lamarderuido.com\/la-mar-de-ruido-2005\/"},"author":{"name":"doominio","@id":"https:\/\/www.lamarderuido.com\/#\/schema\/person\/6ee60897fbb7fb4ad6634c73f4be87fa"},"headline":"La Mar de Ruido 2005","datePublished":"2005-08-12T11:34:46+00:00","dateModified":"2023-11-10T16:31:08+00:00","mainEntityOfPage":{"@id":"https:\/\/www.lamarderuido.com\/la-mar-de-ruido-2005\/"},"wordCount":204,"publisher":{"@id":"https:\/\/www.lamarderuido.com\/#organization"},"image":{"@id":"https:\/\/www.lamarderuido.com\/la-mar-de-ruido-2005\/#primaryimage"},"thumbnailUrl":"https:\/\/www.lamarderuido.com\/wp-content\/uploads\/2023\/09\/2005.jpg","articleSection":["Festivales"],"inLanguage":"en-US"},{"@type":"WebPage","@id":"https:\/\/www.lamarderuido.com\/la-mar-de-ruido-2005\/","url":"https:\/\/www.lamarderuido.com\/la-mar-de-ruido-2005\/","name":"La Mar de Ruido 2005 - La Mar de Ruido Festival","isPartOf":{"@id":"https:\/\/www.lamarderuido.com\/#website"},"primaryImageOfPage":{"@id":"https:\/\/www.lamarderuido.com\/la-mar-de-ruido-2005\/#primaryimage"},"image":{"@id":"https:\/\/www.lamarderuido.com\/la-mar-de-ruido-2005\/#primaryimage"},"thumbnailUrl":"https:\/\/www.lamarderuido.com\/wp-content\/uploads\/2023\/09\/2005.jpg","datePublished":"2005-08-12T11:34:46+00:00","dateModified":"2023-11-10T16:31:08+00:00","description":"I write the text 12 years later. I&#039;m not at all clear about what that edition was like. It was the first of an idea, of a festival, which I didn&#039;t even call a Festival. the","breadcrumb":{"@id":"https:\/\/www.lamarderuido.com\/la-mar-de-ruido-2005\/#breadcrumb"},"inLanguage":"en-US","potentialAction":[{"@type":"ReadAction","target":["https:\/\/www.lamarderuido.com\/la-mar-de-ruido-2005\/"]}]},{"@type":"ImageObject","inLanguage":"en-US","@id":"https:\/\/www.lamarderuido.com\/la-mar-de-ruido-2005\/#primaryimage","url":"https:\/\/www.lamarderuido.com\/wp-content\/uploads\/2023\/09\/2005.jpg","contentUrl":"https:\/\/www.lamarderuido.com\/wp-content\/uploads\/2023\/09\/2005.jpg","width":869,"height":1200,"caption":"La Mar de Ruido - Cartel 2005"},{"@type":"BreadcrumbList","@id":"https:\/\/www.lamarderuido.com\/la-mar-de-ruido-2005\/#breadcrumb","itemListElement":[{"@type":"ListItem","position":1,"name":"Inicio","item":"https:\/\/www.lamarderuido.com\/"},{"@type":"ListItem","position":2,"name":"La Mar de Ruido 2005"}]},{"@type":"WebSite","@id":"https:\/\/www.lamarderuido.com\/#website","url":"https:\/\/www.lamarderuido.com\/","name":"La Mar de Ruido Festival","description":"La Mar de Ruido, the most unique summer festival in Asturias","publisher":{"@id":"https:\/\/www.lamarderuido.com\/#organization"},"potentialAction":[{"@type":"SearchAction","target":{"@type":"EntryPoint","urlTemplate":"https:\/\/www.lamarderuido.com\/?s={search_term_string}"},"query-input":{"@type":"PropertyValueSpecification","valueRequired":true,"valueName":"search_term_string"}}],"inLanguage":"en-US"},{"@type":"Organization","@id":"https:\/\/www.lamarderuido.com\/#organization","name":"La Mar de Ruido","url":"https:\/\/www.lamarderuido.com\/","logo":{"@type":"ImageObject","inLanguage":"en-US","@id":"https:\/\/www.lamarderuido.com\/#\/schema\/logo\/image\/","url":"https:\/\/www.lamarderuido.com\/wp-content\/uploads\/2023\/08\/cropped-favicon.png","contentUrl":"https:\/\/www.lamarderuido.com\/wp-content\/uploads\/2023\/08\/cropped-favicon.png","width":512,"height":512,"caption":"La Mar de Ruido"},"image":{"@id":"https:\/\/www.lamarderuido.com\/#\/schema\/logo\/image\/"}},{"@type":"Person","@id":"https:\/\/www.lamarderuido.com\/#\/schema\/person\/6ee60897fbb7fb4ad6634c73f4be87fa","name":"doominio","sameAs":["https:\/\/www.lamarderuido.com"]}]}},"_links":{"self":[{"href":"https:\/\/www.lamarderuido.com\/en\/wp-json\/wp\/v2\/posts\/1000","targetHints":{"allow":["GET"]}}],"collection":[{"href":"https:\/\/www.lamarderuido.com\/en\/wp-json\/wp\/v2\/posts"}],"about":[{"href":"https:\/\/www.lamarderuido.com\/en\/wp-json\/wp\/v2\/types\/post"}],"author":[{"embeddable":true,"href":"https:\/\/www.lamarderuido.com\/en\/wp-json\/wp\/v2\/users\/1"}],"replies":[{"embeddable":true,"href":"https:\/\/www.lamarderuido.com\/en\/wp-json\/wp\/v2\/comments?post=1000"}],"version-history":[{"count":6,"href":"https:\/\/www.lamarderuido.com\/en\/wp-json\/wp\/v2\/posts\/1000\/revisions"}],"predecessor-version":[{"id":1214,"href":"https:\/\/www.lamarderuido.com\/en\/wp-json\/wp\/v2\/posts\/1000\/revisions\/1214"}],"wp:featuredmedia":[{"embeddable":true,"href":"https:\/\/www.lamarderuido.com\/en\/wp-json\/wp\/v2\/media\/946"}],"wp:attachment":[{"href":"https:\/\/www.lamarderuido.com\/en\/wp-json\/wp\/v2\/media?parent=1000"}],"wp:term":[{"taxonomy":"category","embeddable":true,"href":"https:\/\/www.lamarderuido.com\/en\/wp-json\/wp\/v2\/categories?post=1000"},{"taxonomy":"post_tag","embeddable":true,"href":"https:\/\/www.lamarderuido.com\/en\/wp-json\/wp\/v2\/tags?post=1000"}],"curies":[{"name":"wp","href":"https:\/\/api.w.org\/{rel}","templated":true}]}}